{"id":23033,"date":"2021-08-12T13:17:00","date_gmt":"2021-08-12T16:17:00","guid":{"rendered":"https:\/\/www.radiopresidenteibanez.cl\/web\/?p=23033"},"modified":"2021-08-12T11:02:53","modified_gmt":"2021-08-12T14:02:53","slug":"personas-en-situacion-de-calle-de-magallanes-reciben-kits-de-abrigo-por-parte-de-la-onu","status":"publish","type":"post","link":"https:\/\/www.radiopresidenteibanez.cl\/web\/personas-en-situacion-de-calle-de-magallanes-reciben-kits-de-abrigo-por-parte-de-la-onu\/","title":{"rendered":"PERSONAS EN SITUACION DE CALLE DE MAGALLANES RECIBEN KITS DE ABRIGO POR PARTE DE LA ONU"},"content":{"rendered":"\n<p>&nbsp;72 kits de abrigo fueron entregados esta ma\u00f1ana por la Seremi de Desarrollo Social y Familia de Magallanes y de la Ant\u00e1rtica Chilena, Liz Casanueva, a los usuarios de las rutas destinadas a proteger la vida y salud de las personas en situaci\u00f3n de calle.<\/p>\n\n\n\n<p>Esta ayuda proviene del Alto Comisionado de las Naciones Unidas para los Refugiados (ACNUR), organizaci\u00f3n de acci\u00f3n mundial que tiene por misi\u00f3n garantizar que todas las personas tengan derecho a buscar asilo y encontrar un refugio seguro, producto de situaciones de violencia, persecuciones, guerras o desastre en sus hogares.<\/p>\n\n\n\n<p>La entrega se efectu\u00f3 en el Centro de D\u00eda para personas en situaci\u00f3n de calle (Balmaceda 621, Punta Arenas), dispositivo que entrega servicios de alimentaci\u00f3n y de higiene a quienes se encuentran en esas condiciones de vulnerabilidad. En la oportunidad estuvieron los representantes del Hogar de Cristo y Carabineros de Chile, instituciones que ejecutan un total de tres rutas en las comunas de Punta Arenas y Natales.<\/p>\n\n\n\n<p>Sobre esta entrega la Seremi Liz Casanueva se\u00f1al\u00f3 que \u201cagradecemos la colaboraci\u00f3n de ACNUR Chile, quienes est\u00e1n contribuyendo a proveer abrigo a los hombres y mujeres m\u00e1s vulnerables del pa\u00eds, ayuda que en esta regi\u00f3n se hace m\u00e1s relevante debido a las adversas condiciones meteorol\u00f3gicas que debemos enfrentar. Por la situaci\u00f3n sanitaria, este a\u00f1o nuestro ministerio otorg\u00f3 recursos para la implementaci\u00f3n de tres rutas, adem\u00e1s del fortalecimiento de los albergues, y otros dispositivos, lo que signific\u00f3 un aumento de un 124% respecto al a\u00f1o anterior\u201d.<\/p>\n\n\n\n<p>De acuerdo a las cifras del Ministerio de Desarrollo Social y Familia, en Chile viven 16.410 en situaci\u00f3n de calle, de las cuales el 15,7% corresponde a mujeres y el 84,3% a hombres. En Magallanes la poblaci\u00f3n corresponde a 155 personas.<\/p>\n","protected":false},"excerpt":{"rendered":"<p>&nbsp;72 kits de abrigo fueron entregados esta ma\u00f1ana por la Seremi de Desarrollo Social y Familia de Magallanes y de la Ant\u00e1rtica Chilena, Liz Casanueva, a los usuarios de las&#8230; <a class=\"read-more\" href=\"https:\/\/www.radiopresidenteibanez.cl\/web\/personas-en-situacion-de-calle-de-magallanes-reciben-kits-de-abrigo-por-parte-de-la-onu\/\">Leer m\u00e1s<\/a><\/p>\n","protected":false},"author":2,"featured_media":23034,"comment_status":"closed","ping_status":"closed","sticky":false,"template":"","format":"standard","meta":{"footnotes":""},"categories":[1],"tags":[],"class_list":["post-23033","post","type-post","status-publish","format-standard","has-post-thumbnail","hentry","category-cronica"],"_links":{"self":[{"href":"https:\/\/www.radiopresidenteibanez.cl\/web\/wp-json\/wp\/v2\/posts\/23033","targetHints":{"allow":["GET"]}}],"collection":[{"href":"https:\/\/www.radiopresidenteibanez.cl\/web\/wp-json\/wp\/v2\/posts"}],"about":[{"href":"https:\/\/www.radiopresidenteibanez.cl\/web\/wp-json\/wp\/v2\/types\/post"}],"author":[{"embeddable":true,"href":"https:\/\/www.radiopresidenteibanez.cl\/web\/wp-json\/wp\/v2\/users\/2"}],"replies":[{"embeddable":true,"href":"https:\/\/www.radiopresidenteibanez.cl\/web\/wp-json\/wp\/v2\/comments?post=23033"}],"version-history":[{"count":0,"href":"https:\/\/www.radiopresidenteibanez.cl\/web\/wp-json\/wp\/v2\/posts\/23033\/revisions"}],"wp:featuredmedia":[{"embeddable":true,"href":"https:\/\/www.radiopresidenteibanez.cl\/web\/wp-json\/wp\/v2\/media\/23034"}],"wp:attachment":[{"href":"https:\/\/www.radiopresidenteibanez.cl\/web\/wp-json\/wp\/v2\/media?parent=23033"}],"wp:term":[{"taxonomy":"category","embeddable":true,"href":"https:\/\/www.radiopresidenteibanez.cl\/web\/wp-json\/wp\/v2\/categories?post=23033"},{"taxonomy":"post_tag","embeddable":true,"href":"https:\/\/www.radiopresidenteibanez.cl\/web\/wp-json\/wp\/v2\/tags?post=23033"}],"curies":[{"name":"wp","href":"https:\/\/api.w.org\/{rel}","templated":true}]}}