{"id":22970,"date":"2021-08-10T16:38:14","date_gmt":"2021-08-10T19:38:14","guid":{"rendered":"https:\/\/www.radiopresidenteibanez.cl\/web\/?p=22970"},"modified":"2021-08-10T16:38:19","modified_gmt":"2021-08-10T19:38:19","slug":"lanzan-programa-ponle-energia-a-tu-pyme","status":"publish","type":"post","link":"https:\/\/www.radiopresidenteibanez.cl\/web\/lanzan-programa-ponle-energia-a-tu-pyme\/","title":{"rendered":"LANZAN PROGRAMA PONLE ENERGIA A TU PYME"},"content":{"rendered":"\n<p>En dependencias de\n\u201cLa Granja Magall\u00e1nica\u201d, este lunes el SEREMI de Energ\u00eda de Magallanes, V\u00edctor\nFern\u00e1ndez Salinas, en compa\u00f1\u00eda de la Delegada Regional Presidencial (s),\nVictoria Cort\u00e9s, lanzaron la 2da versi\u00f3n del Programa Ponle Energ\u00eda a tu Pyme, cuyo\nobjetivo buscar dar un cofinanciamiento no\nreembolsable de hasta $15 millones de pesos para la implementaci\u00f3n de proyectos\nde eficiencia energ\u00e9tica y energ\u00edas renovables de autoconsumo.<\/p>\n\n\n\n<p>La\nactividad estuvo marcada por la distinci\u00f3n entregada al emprendedor magall\u00e1nico\nAldo Villa, quien el a\u00f1o pasado fue uno de los exitosos beneficiarios del\nprograma. <\/p>\n\n\n\n<p>La\niniciativa que el 2020 alcanz\u00f3 en todo Chile a m\u00e1s de 200 emprendimientos, este\na\u00f1o busca superar los 700 adjudicados. <\/p>\n\n\n\n<p>El\nSEREMI Fern\u00e1ndez subray\u00f3 que el programa tiene un componente de inmediatez que\nbusca dinamizar a\u00fan m\u00e1s al sector energ\u00e9tico y, con ello, la econom\u00eda regional\ny nacional. <\/p>\n\n\n\n<p>\u201cEstamos\nabriendo una convocatoria que viene a dar agilidad a la reactivaci\u00f3n econ\u00f3mica\nsostenible del pa\u00eds y del sector energ\u00e9tico. Junto con ello, estamos contribuyendo\nen la lucha contra el cambio clim\u00e1tico y sus efectos\u201d, dijo el SEREMI de\nEnerg\u00eda de Magallanes, V\u00edctor Fern\u00e1ndez, quien agreg\u00f3 que la mejor manera de\nrealizar el lanzamiento era \u201creconociendo el esfuerzo de un emprendedor\nmagall\u00e1nico comprometido con su trabajo y con el uso de las energ\u00edas renovables\npara el funcionamiento de su local comercial\u201d. <\/p>\n\n\n\n<p>Asimismo,\nla Delegada Regional Presidencial (s), Victoria Cort\u00e9s, destac\u00f3 varios aspecto\nrelevantes que persigue el programa Ponle Energ\u00eda a tu Pyme. <\/p>\n\n\n\n<p>\u201cLas Micro,\nPeque\u00f1as y Medianas Empresas (MiPyMes) cumplen rol crucial en la econom\u00eda del\npa\u00eds: el 98% de las empresas son MiPyMEs y representan el 46% de los\ntrabajadores dependientes. Por ello, la verdad es que cuando estamos hablando\nde energ\u00edas renovables y eficiencia energ\u00e9tica no s\u00f3lo se est\u00e1n disminuyendo\nlos costos directos de producci\u00f3n, sino adem\u00e1s, mejorar la competitividad,\ndisminuir la contaminaci\u00f3n; as\u00ed es que estamos muy contentos con la experiencia\nque nos est\u00e1 transmitiendo don Aldo Villa (\u2026). <\/p>\n\n\n\n<p>Las\npostulaciones se realizar\u00e1n a trav\u00e9s de la p\u00e1gina web <a href=\"http:\/\/www.ponleenergia.cl\">www.ponleenergia.cl<\/a> en modalidad de ventanilla abierta, es\ndecir, se recibir\u00e1n postulaciones hasta que se acaben los fondos disponibles.<\/p>\n","protected":false},"excerpt":{"rendered":"<p>En dependencias de \u201cLa Granja Magall\u00e1nica\u201d, este lunes el SEREMI de Energ\u00eda de Magallanes, V\u00edctor Fern\u00e1ndez Salinas, en compa\u00f1\u00eda de la Delegada Regional Presidencial (s), Victoria Cort\u00e9s, lanzaron la 2da&#8230; <a class=\"read-more\" href=\"https:\/\/www.radiopresidenteibanez.cl\/web\/lanzan-programa-ponle-energia-a-tu-pyme\/\">Leer m\u00e1s<\/a><\/p>\n","protected":false},"author":2,"featured_media":22971,"comment_status":"closed","ping_status":"closed","sticky":false,"template":"","format":"standard","meta":{"footnotes":""},"categories":[1],"tags":[],"class_list":["post-22970","post","type-post","status-publish","format-standard","has-post-thumbnail","hentry","category-cronica"],"_links":{"self":[{"href":"https:\/\/www.radiopresidenteibanez.cl\/web\/wp-json\/wp\/v2\/posts\/22970","targetHints":{"allow":["GET"]}}],"collection":[{"href":"https:\/\/www.radiopresidenteibanez.cl\/web\/wp-json\/wp\/v2\/posts"}],"about":[{"href":"https:\/\/www.radiopresidenteibanez.cl\/web\/wp-json\/wp\/v2\/types\/post"}],"author":[{"embeddable":true,"href":"https:\/\/www.radiopresidenteibanez.cl\/web\/wp-json\/wp\/v2\/users\/2"}],"replies":[{"embeddable":true,"href":"https:\/\/www.radiopresidenteibanez.cl\/web\/wp-json\/wp\/v2\/comments?post=22970"}],"version-history":[{"count":0,"href":"https:\/\/www.radiopresidenteibanez.cl\/web\/wp-json\/wp\/v2\/posts\/22970\/revisions"}],"wp:featuredmedia":[{"embeddable":true,"href":"https:\/\/www.radiopresidenteibanez.cl\/web\/wp-json\/wp\/v2\/media\/22971"}],"wp:attachment":[{"href":"https:\/\/www.radiopresidenteibanez.cl\/web\/wp-json\/wp\/v2\/media?parent=22970"}],"wp:term":[{"taxonomy":"category","embeddable":true,"href":"https:\/\/www.radiopresidenteibanez.cl\/web\/wp-json\/wp\/v2\/categories?post=22970"},{"taxonomy":"post_tag","embeddable":true,"href":"https:\/\/www.radiopresidenteibanez.cl\/web\/wp-json\/wp\/v2\/tags?post=22970"}],"curies":[{"name":"wp","href":"https:\/\/api.w.org\/{rel}","templated":true}]}}