{"id":22930,"date":"2021-08-09T17:25:00","date_gmt":"2021-08-09T20:25:00","guid":{"rendered":"https:\/\/www.radiopresidenteibanez.cl\/web\/?p=22930"},"modified":"2021-08-09T16:33:47","modified_gmt":"2021-08-09T19:33:47","slug":"seremis-del-trabajo-y-de-la-mujer-llaman-a-inscribirse-en-nuevos-cursos-del-programa-mujer-digital","status":"publish","type":"post","link":"https:\/\/www.radiopresidenteibanez.cl\/web\/seremis-del-trabajo-y-de-la-mujer-llaman-a-inscribirse-en-nuevos-cursos-del-programa-mujer-digital\/","title":{"rendered":"SEREMIS DEL TRABAJO Y DE LA MUJER LLAMAN A INSCRIBIRSE EN NUEVOS CURSOS DEL PROGRAMA \u201cMUJER DIGITAL\u201d"},"content":{"rendered":"\n<p>Esta semana, la Seremi de la Mujer y Equidad de G\u00e9nero, Daisy Carrera,\njunto a la Seremi del Trabajo, Victoria Cort\u00e9s, y la directora de Sernameg\nMagallanes, Fabiola Garc\u00eda, hicieron el llamado a las mujeres magall\u00e1nicas a\nser parte de los 65 cursos gratuitos que ofrece el programa \u201cMujer Digital\u201d,\ndirigido a mujeres emprendedoras y a todas aquellas que deseen mejorar sus\nhabilidades y obtener nuevas herramientas para trabajar y emprender.<\/p>\n\n\n\n<p>Esta iniciativa \u2013que ahora sum\u00f3 seis nuevos cursos- ofrece, a trav\u00e9s del\nServicio Nacional de Capacitaci\u00f3n y Empleo (Sence), una serie de capacitaciones\n100% gratuitas, online y con cupos ilimitados en \u00e1reas como: Tecnolog\u00eda de la\nInformaci\u00f3n; Emprendimiento; Idiomas; Habilidades socioemocionales para el\ntrabajo, entre otras.<\/p>\n\n\n\n<p>En palabras de la Seremi de la Mujer y Equidad de G\u00e9nero, \u201cnos reunimos\ncon la Seremi del Trabajo, la directora de Sernameg y las trabajadoras de casa\nparticular para establecer una l\u00ednea de trabajo con el programa Mujer Digital, dada\nla importancia de capacitar a las mujeres, entendiendo que esta pandemia las ha\ngolpeado muy duro. Por tanto, iniciativas como esta que son gratuitas y\ncompletamente online van a permitir que todas las mujeres puedan capacitarse en\nmaterias digitales y adquirir mayores conocimientos\u201d.<\/p>\n\n\n\n<p>Tras una exitosa primera edici\u00f3n en 2020, a inicios de este a\u00f1o se lanz\u00f3\nuna segunda versi\u00f3n que incluy\u00f3 59 cursos en l\u00ednea y que, a la fecha, acumula\nm\u00e1s de 43 mil mujeres inscritas de un total de 70 mil a nivel nacional, seg\u00fan\ndestac\u00f3 la Seremi del Trabajo.<\/p>\n\n\n\n<p>\u201cJunto a las trabajadoras de casa particular sostuvimos una reuni\u00f3n cuyo\nobjetivo es reforzar el llamado a las mujeres a participar de los cursos de\n\u201cMujer Digital\u201d. Esta semana se han sumado seis nuevos cursos, pero tenemos una\nparrilla de m\u00e1s de 65 cursos con muchos inscritos a nivel nacional y con temas\ncomo: Cuidado Personal, Cuidado de Enfermos, Computaci\u00f3n, Marketing Digital,\npor lo que invitamos a todas a revisar la plataforma, que es muy amigable, a\ntrav\u00e9s de <a href=\"http:\/\/www.sence.cl\">www.sence.cl<\/a>, inscribirse y\ncapacitarse\u201d.<\/p>\n\n\n\n<p>En virtud de la importancia de llevar estos cursos a la mayor cantidad de\nmujeres de la regi\u00f3n, las autoridades se reunieron con las trabajadoras de casa\nparticular de la zona, quienes valoraron esta instancia de capacitaci\u00f3n\ngratuita. As\u00ed lo destac\u00f3 la presidenta de Anecap Punta Arenas, Catalina Rivera.<\/p>\n\n\n\n<p>\u201cEstos cursos son tan importantes, porque as\u00ed nos capacitamos y\naprendemos cosas nuevas. Ojal\u00e1 que todas las mujeres se inscriban y puedan hacer\nestos cursos que son tan necesarios. En el caso de las trabajadoras de casa\nparticular, creo que todas van a estar contentas de participar en estas\ncapacitaciones que son gratuitas. Son bastante importantes para las que quieran\nemprender o hacer otros trabajos, es muy bueno capacitarse\u201d, recalc\u00f3.<\/p>\n\n\n\n<p>Durante la instancia, las autoridades no s\u00f3lo explicaron a las dirigentas\nel tipo de cursos existentes para ellas, sino que, adem\u00e1s, realizaron una breve\ninducci\u00f3n sobre c\u00f3mo acceder a estos, a trav\u00e9s de la plataforma.<\/p>\n\n\n\n<p>Los cursos, tal como se anunci\u00f3, ya est\u00e1n abiertos a todas las personas\nmayores de 18 a\u00f1os que cuenten con RUT nacional, quienes s\u00f3lo deben ingresar al\nsitio indicado, <a href=\"http:\/\/www.sence.cl\">www.sence.cl<\/a> e inscribirse.<\/p>\n","protected":false},"excerpt":{"rendered":"<p>Esta semana, la Seremi de la Mujer y Equidad de G\u00e9nero, Daisy Carrera, junto a la Seremi del Trabajo, Victoria Cort\u00e9s, y la directora de Sernameg Magallanes, Fabiola Garc\u00eda, hicieron&#8230; <a class=\"read-more\" href=\"https:\/\/www.radiopresidenteibanez.cl\/web\/seremis-del-trabajo-y-de-la-mujer-llaman-a-inscribirse-en-nuevos-cursos-del-programa-mujer-digital\/\">Leer m\u00e1s<\/a><\/p>\n","protected":false},"author":2,"featured_media":22931,"comment_status":"closed","ping_status":"closed","sticky":false,"template":"","format":"standard","meta":{"footnotes":""},"categories":[1],"tags":[],"class_list":["post-22930","post","type-post","status-publish","format-standard","has-post-thumbnail","hentry","category-cronica"],"_links":{"self":[{"href":"https:\/\/www.radiopresidenteibanez.cl\/web\/wp-json\/wp\/v2\/posts\/22930","targetHints":{"allow":["GET"]}}],"collection":[{"href":"https:\/\/www.radiopresidenteibanez.cl\/web\/wp-json\/wp\/v2\/posts"}],"about":[{"href":"https:\/\/www.radiopresidenteibanez.cl\/web\/wp-json\/wp\/v2\/types\/post"}],"author":[{"embeddable":true,"href":"https:\/\/www.radiopresidenteibanez.cl\/web\/wp-json\/wp\/v2\/users\/2"}],"replies":[{"embeddable":true,"href":"https:\/\/www.radiopresidenteibanez.cl\/web\/wp-json\/wp\/v2\/comments?post=22930"}],"version-history":[{"count":0,"href":"https:\/\/www.radiopresidenteibanez.cl\/web\/wp-json\/wp\/v2\/posts\/22930\/revisions"}],"wp:featuredmedia":[{"embeddable":true,"href":"https:\/\/www.radiopresidenteibanez.cl\/web\/wp-json\/wp\/v2\/media\/22931"}],"wp:attachment":[{"href":"https:\/\/www.radiopresidenteibanez.cl\/web\/wp-json\/wp\/v2\/media?parent=22930"}],"wp:term":[{"taxonomy":"category","embeddable":true,"href":"https:\/\/www.radiopresidenteibanez.cl\/web\/wp-json\/wp\/v2\/categories?post=22930"},{"taxonomy":"post_tag","embeddable":true,"href":"https:\/\/www.radiopresidenteibanez.cl\/web\/wp-json\/wp\/v2\/tags?post=22930"}],"curies":[{"name":"wp","href":"https:\/\/api.w.org\/{rel}","templated":true}]}}