{"id":2291,"date":"2019-03-15T13:25:39","date_gmt":"2019-03-15T13:25:39","guid":{"rendered":"http:\/\/www.radiopresidenteibanez.cl\/web\/?p=2291"},"modified":"2019-03-15T13:26:13","modified_gmt":"2019-03-15T13:26:13","slug":"2-650-encuestas-a-hogares-se-realizaran-durante-trabajo-de-campo-de-la-encuesta-origen-destino-punta-arenas-2019","status":"publish","type":"post","link":"https:\/\/www.radiopresidenteibanez.cl\/web\/2-650-encuestas-a-hogares-se-realizaran-durante-trabajo-de-campo-de-la-encuesta-origen-destino-punta-arenas-2019\/","title":{"rendered":"2.650 ENCUESTAS A HOGARES SE REALIZAR\u00c1N DURANTE TRABAJO DE CAMPO DE LA ENCUESTA ORIGEN-DESTINO PUNTA ARENAS 2019"},"content":{"rendered":"\n<p>Conocer las tendencias de\nmovilidad de los habitantes de Punta Arenas, y proponer medidas para mejorar\nlos sistemas de transportes de la ciudad, son los objetivos de la Encuesta\nOrigen Destino Punta Arenas 2019 que esta semana comenzar\u00e1 su fase de terreno.<\/p>\n\n\n\n<p>El trabajo, desarrollado\npor el Gobierno Regional de Magallanes, a trav\u00e9s del Programa de Vialidad y\nTransporte Urbano SECTRA, dependiente del Ministerio de Transportes y\nTelecomunicaciones, se desarrollar\u00e1 durante los meses de marzo y septiembre,\ndonde un contingente de encuestadores visitar\u00e1 2.650 hogares para consultarles\nsobre sus h\u00e1bitos de viaje.<\/p>\n\n\n\n<p>\u201cEste es un instrumento de\nmedici\u00f3n desarrollado por el Programa de Vialidad y Transporte Urbano (SECTRA)\nde la Coordinaci\u00f3n de Planificaci\u00f3n y Desarrollo del Ministerio de Transportes\ny Telecomunicaciones, que nos permitir\u00e1 conocer las tendencias de movilidad de\nlos habitantes de esta ciudad, para as\u00ed guiar nuestra pol\u00edtica de transportes\nen el mediano-largo plazo\u201d, explic\u00f3 el Seremi de Transportes de la Regi\u00f3n de\nMagallanes, Marco Mella, qui\u00e9n encabez\u00f3 la ceremonia de lanzamiento de la encuesta.<\/p>\n\n\n\n<p><strong>EOD\nen dos etapas<\/strong><\/p>\n\n\n\n<p>La \u00faltima EOD en Punta\nArenas se realiz\u00f3 en el a\u00f1o 2005. En esta oportunidad, la EOD se aplicar\u00e1 a un\ntotal de 2.650 encuestas en hogares escogidos a trav\u00e9s de un proceso de\nselecci\u00f3n aleatoria: 2.200 encuestas en d\u00edas laborales y 450 encuestas los fines\nde semana.<\/p>\n\n\n\n<p>Para llevar este trabajo a\nefecto, se definieron dos etapas: <strong>en una\nprimera instancia<\/strong>, un encuestador acreditado por el Ministerio visitar\u00e1 el\nhogar seleccionado y registrar\u00e1 datos para caracterizar a sus habitantes\n(integrantes del grupo familiar, nivel educacional, ocupaciones, entre otras).\nEn esa instancia, el encuestador dejar\u00e1 un formulario, llamado \u201cRegistro\nGeneral de Viajes\u201d, donde cada integrante de la familia deber\u00e1 detallar sus\nviajes, sean estos a pie, transporte p\u00fablico o veh\u00edculo motorizado.<\/p>\n\n\n\n<p>Posterior a eso, <strong>en una segunda visita<\/strong>, el encuestador\nrecoger\u00e1 el formulario y realizar\u00e1 una entrevista para profundizar en los datos\ncontenidos en el documento. Cada uno de los encuestadores ha sido capacitado y\nestar\u00e1n identificados con una credencial.<\/p>\n\n\n\n<p>El Ministerio de\nTransportes y Telecomunicaciones ha habilitado un sitio web informativo (<a href=\"http:\/\/www.eodpuntaarenas.cl\">www.eodpuntaarenas.cl<\/a>) de\nla EOD, para que los usuarios resuelvan sus dudas en torno a esta iniciativa.<\/p>\n","protected":false},"excerpt":{"rendered":"<p>Conocer las tendencias de movilidad de los habitantes de Punta Arenas, y proponer medidas para mejorar los sistemas de transportes de la ciudad, son los objetivos de la Encuesta Origen&#8230; <a class=\"read-more\" href=\"https:\/\/www.radiopresidenteibanez.cl\/web\/2-650-encuestas-a-hogares-se-realizaran-durante-trabajo-de-campo-de-la-encuesta-origen-destino-punta-arenas-2019\/\">Leer m\u00e1s<\/a><\/p>\n","protected":false},"author":2,"featured_media":2292,"comment_status":"closed","ping_status":"closed","sticky":false,"template":"","format":"standard","meta":{"footnotes":""},"categories":[1],"tags":[],"class_list":["post-2291","post","type-post","status-publish","format-standard","has-post-thumbnail","hentry","category-cronica"],"_links":{"self":[{"href":"https:\/\/www.radiopresidenteibanez.cl\/web\/wp-json\/wp\/v2\/posts\/2291","targetHints":{"allow":["GET"]}}],"collection":[{"href":"https:\/\/www.radiopresidenteibanez.cl\/web\/wp-json\/wp\/v2\/posts"}],"about":[{"href":"https:\/\/www.radiopresidenteibanez.cl\/web\/wp-json\/wp\/v2\/types\/post"}],"author":[{"embeddable":true,"href":"https:\/\/www.radiopresidenteibanez.cl\/web\/wp-json\/wp\/v2\/users\/2"}],"replies":[{"embeddable":true,"href":"https:\/\/www.radiopresidenteibanez.cl\/web\/wp-json\/wp\/v2\/comments?post=2291"}],"version-history":[{"count":0,"href":"https:\/\/www.radiopresidenteibanez.cl\/web\/wp-json\/wp\/v2\/posts\/2291\/revisions"}],"wp:featuredmedia":[{"embeddable":true,"href":"https:\/\/www.radiopresidenteibanez.cl\/web\/wp-json\/wp\/v2\/media\/2292"}],"wp:attachment":[{"href":"https:\/\/www.radiopresidenteibanez.cl\/web\/wp-json\/wp\/v2\/media?parent=2291"}],"wp:term":[{"taxonomy":"category","embeddable":true,"href":"https:\/\/www.radiopresidenteibanez.cl\/web\/wp-json\/wp\/v2\/categories?post=2291"},{"taxonomy":"post_tag","embeddable":true,"href":"https:\/\/www.radiopresidenteibanez.cl\/web\/wp-json\/wp\/v2\/tags?post=2291"}],"curies":[{"name":"wp","href":"https:\/\/api.w.org\/{rel}","templated":true}]}}