{"id":22906,"date":"2021-08-08T17:05:00","date_gmt":"2021-08-08T20:05:00","guid":{"rendered":"https:\/\/www.radiopresidenteibanez.cl\/web\/?p=22906"},"modified":"2021-08-08T12:56:17","modified_gmt":"2021-08-08T15:56:17","slug":"capacitaran-a-docentes-tecnicos-y-estudiantes-de-todo-chile-en-antartica-verde-bosques-y-donosaurios-del-pasado","status":"publish","type":"post","link":"https:\/\/www.radiopresidenteibanez.cl\/web\/capacitaran-a-docentes-tecnicos-y-estudiantes-de-todo-chile-en-antartica-verde-bosques-y-donosaurios-del-pasado\/","title":{"rendered":"CAPACITAR\u00c1N A DOCENTES, T\u00c9CNICOS Y ESTUDIANTES DE TODO CHILE EN ANT\u00c1RTICA VERDE: BOSQUES Y DONOSAURIOS DEL PASADO"},"content":{"rendered":"\n<p>El Instituto Ant\u00e1rtico Chileno (INACH) convoca a docentes, t\u00e9cnicos\/as, asistentes y estudiantes que est\u00e9n cursando carreras afines al \u00e1rea de educaci\u00f3n de todo Chile, a participar de una nueva versi\u00f3n de los talleres de Educaci\u00f3n Ant\u00e1rtica. La instancia se efectuar\u00e1 a trav\u00e9s de la plataforma digital Zoom durante la semana del 23 al 27 de agosto de 15:00 a 17:00 horas (Chile Continental) y una hora m\u00e1s tarde en el caso de la regi\u00f3n de Magallanes.&nbsp;&nbsp;<\/p>\n\n\n\n<p>La tem\u00e1tica de este a\u00f1o lleva por nombre&nbsp;<strong>\u201cAnt\u00e1rtica Verde, bosques y dinosaurios del pasado\u201d,<\/strong>&nbsp;la que se enmarca dentro de la iniciativa program\u00e1tica Centro Ant\u00e1rtico Internacional (CAI). En esta oportunidad la capacitaci\u00f3n ser\u00e1 dictada por la paleobot\u00e1nica e investigadora, Dra. Cristine Trevisan y el curador de la colecci\u00f3n paleontol\u00f3gica de INACH, H\u00e9ctor Mansilla, quienes durante las sesiones abordar\u00e1n aspectos generales sobre Ant\u00e1rtica y su pasado cuando fue un continente verde y lleno de vida. Adem\u00e1s, se presentar\u00e1n nuevos recursos educativos dise\u00f1ados especialmente para despertar el inter\u00e9s de ni\u00f1os y ni\u00f1as por la Ant\u00e1rtica.<\/p>\n\n\n\n<p>Al igual que las capacitaciones del a\u00f1o anterior, estas ser\u00e1n de dos horas cronol\u00f3gicas y ser\u00e1n divididas por regiones: primero el lunes 23 se comenzar\u00e1 con docentes de Arica y Parinacota, Tarapac\u00e1, Antofagasta y Atacama; martes 24 se trabajar\u00e1 con Coquimbo, Valpara\u00edso y O&#8217;Higgins; en tanto el mi\u00e9rcoles 25 ser\u00e1 el turno de la regi\u00f3n Metropolitana; jueves 26 para Maule, \u00d1uble, Biob\u00edo, La Araucan\u00eda, Los R\u00edos y Los Lagos; y finalmente el viernes 27 se capacitar\u00e1 a profesionales de las regiones de Ays\u00e9n y Magallanes.<\/p>\n\n\n\n<p>La inscripci\u00f3n ser\u00e1 v\u00eda formulario de Google:&nbsp;<a href=\"https:\/\/forms.gle\/CWrJXJWYyoWFzPnh9\" target=\"_blank\" rel=\"noreferrer noopener\">https:\/\/forms.gle\/CWrJXJWYyoWFzPnh9<\/a>&nbsp;y el correo electr\u00f3nico que est\u00e1 dispuesto para consultas es:&nbsp;<a href=\"mailto:educacion@inach.cl\" target=\"_blank\" rel=\"noreferrer noopener\">educacion@inach.cl<\/a><\/p>\n\n\n\n<p>Cabe destacar que el objetivo final de estas capacitaciones es brindar apoyo en la formaci\u00f3n de nuevos conocimientos cient\u00edficos ant\u00e1rticos a las y los profesionales, t\u00e9cnicos en educaci\u00f3n parvularia y\/o diferencial, estudiantes de educaci\u00f3n superior en \u00e1reas afines, como tambi\u00e9n docentes y asistentes de ense\u00f1anza b\u00e1sica. Siendo esta una gran oportunidad para adquirir nuevos conocimientos sobre el Continente Blanco que luego transferir\u00e1n a los ni\u00f1os y ni\u00f1as con quienes trabajan.<\/p>\n\n\n\n<p>Con estos talleres, que buscan dar a conocer la importancia del Continente Ant\u00e1rtico para nuestro pa\u00eds, se espera que los y las profesionales de la educaci\u00f3n puedan desarrollar actividades con miras al D\u00eda de la Ant\u00e1rtica Chilena, efem\u00e9ride que se celebra cada 6 de noviembre y que recuerda los 81 a\u00f1os desde que el Presidente Pedro Aguirre Cerda fij\u00f3 los l\u00edmites del Territorio Chileno Ant\u00e1rtico.&nbsp;<\/p>\n\n\n\n<p>Esta iniciativa ya cumple su vig\u00e9simo segundo a\u00f1o de implementaci\u00f3n, antes se realizaba de manera presencial y solo convocaba a educadores y t\u00e9cnicos en p\u00e1rvulos de la regi\u00f3n de Magallanes y la Ant\u00e1rtica, pero con la pandemia del Covid-19, el a\u00f1o 2020 se ampli\u00f3 a un formato digital, oportunidad en que se conectaron cerca de 800 docentes de todo Chile, por lo que se espera con esta nueva versi\u00f3n poder llegar a un n\u00famero similar de participantes.&nbsp;&nbsp;<\/p>\n","protected":false},"excerpt":{"rendered":"<p>El Instituto Ant\u00e1rtico Chileno (INACH) convoca a docentes, t\u00e9cnicos\/as, asistentes y estudiantes que est\u00e9n cursando carreras afines al \u00e1rea de educaci\u00f3n de todo Chile, a participar de una nueva versi\u00f3n&#8230; <a class=\"read-more\" href=\"https:\/\/www.radiopresidenteibanez.cl\/web\/capacitaran-a-docentes-tecnicos-y-estudiantes-de-todo-chile-en-antartica-verde-bosques-y-donosaurios-del-pasado\/\">Leer m\u00e1s<\/a><\/p>\n","protected":false},"author":2,"featured_media":22907,"comment_status":"closed","ping_status":"closed","sticky":false,"template":"","format":"standard","meta":{"footnotes":""},"categories":[1],"tags":[],"class_list":["post-22906","post","type-post","status-publish","format-standard","has-post-thumbnail","hentry","category-cronica"],"_links":{"self":[{"href":"https:\/\/www.radiopresidenteibanez.cl\/web\/wp-json\/wp\/v2\/posts\/22906","targetHints":{"allow":["GET"]}}],"collection":[{"href":"https:\/\/www.radiopresidenteibanez.cl\/web\/wp-json\/wp\/v2\/posts"}],"about":[{"href":"https:\/\/www.radiopresidenteibanez.cl\/web\/wp-json\/wp\/v2\/types\/post"}],"author":[{"embeddable":true,"href":"https:\/\/www.radiopresidenteibanez.cl\/web\/wp-json\/wp\/v2\/users\/2"}],"replies":[{"embeddable":true,"href":"https:\/\/www.radiopresidenteibanez.cl\/web\/wp-json\/wp\/v2\/comments?post=22906"}],"version-history":[{"count":0,"href":"https:\/\/www.radiopresidenteibanez.cl\/web\/wp-json\/wp\/v2\/posts\/22906\/revisions"}],"wp:featuredmedia":[{"embeddable":true,"href":"https:\/\/www.radiopresidenteibanez.cl\/web\/wp-json\/wp\/v2\/media\/22907"}],"wp:attachment":[{"href":"https:\/\/www.radiopresidenteibanez.cl\/web\/wp-json\/wp\/v2\/media?parent=22906"}],"wp:term":[{"taxonomy":"category","embeddable":true,"href":"https:\/\/www.radiopresidenteibanez.cl\/web\/wp-json\/wp\/v2\/categories?post=22906"},{"taxonomy":"post_tag","embeddable":true,"href":"https:\/\/www.radiopresidenteibanez.cl\/web\/wp-json\/wp\/v2\/tags?post=22906"}],"curies":[{"name":"wp","href":"https:\/\/api.w.org\/{rel}","templated":true}]}}