{"id":22903,"date":"2021-08-08T15:38:00","date_gmt":"2021-08-08T18:38:00","guid":{"rendered":"https:\/\/www.radiopresidenteibanez.cl\/web\/?p=22903"},"modified":"2021-08-08T12:48:57","modified_gmt":"2021-08-08T15:48:57","slug":"mindep-magallanes-e-ind-realizaron-exitosa-capacitacion-mas-alla-del-deporte","status":"publish","type":"post","link":"https:\/\/www.radiopresidenteibanez.cl\/web\/mindep-magallanes-e-ind-realizaron-exitosa-capacitacion-mas-alla-del-deporte\/","title":{"rendered":"MINDEP MAGALLANES E IND REALIZARON EXITOSA CAPACITACI\u00d3N \u201cM\u00c1S ALL\u00c1 DEL DEPORTE\u201d"},"content":{"rendered":"\n<p>El crecimiento y avance del deporte nacional\nparte desde las bases, pues son los clubes y las organizaciones deportivas los\nprimeros detectores de talentos. Adem\u00e1s, son claves para la promoci\u00f3n de la\nactividad f\u00edsica y la vida sana. En virtud de esto el Ministerio del Deporte,\npor medio del Instituto Nacional del Deporte (IND), implement\u00f3 una serie de capacitaciones que entregar\u00e1n las\nherramientas y consejos para que todas las organizaciones deportivas puedan\ncrecer, y de esta manera, incentivar el desarrollo deportivo local.<\/p>\n\n\n\n<p><strong>Las\njornadas \u201cM\u00e1s All\u00e1 del Deporte\u201d<\/strong>\ntienen como objetivo que, bajo la modalidad virtual, se pueda alcanzar al mayor\nn\u00famero de dirigentes y p\u00fablico general, y as\u00ed abordar diferentes\nherramientas que permitan a las personas y entidades ligadas al mundo deportivo en todo Chile, conocer e interiorizarse en las formas de\ndesarrollo, actualizaci\u00f3n y gesti\u00f3n de estrategias para el crecimiento de\nesta actividad.<\/p>\n\n\n\n<p>Este segundo ciclo ya\nbenefici\u00f3 a las regiones de Ays\u00e9n, Valpara\u00edso, La Araucan\u00eda, Antofagasta y\nahora, el pasado jueves 5 de agosto, fue el turno de Magallanes. <\/p>\n\n\n\n<p>La instancia, que reuni\u00f3\na cerca de 200 participantes, cont\u00f3 con la participaci\u00f3n del conductor Francisco\n\u201cPancho\u201d Saavedra, quien realiz\u00f3 entrevistas a deportistas del programa\n\u201cPromesas Chile\u201d, adem\u00e1s de profesionales del IND, quienes aportaron su\nexperiencia en el mundo de las organizaciones deportivas y en las herramientas\nde fomento del deporte. Uno de los ejes de la actividad fue la importancia del protocolo\nque sanciona el abuso sexual, acoso sexual, discriminaci\u00f3n y maltrato en el\ndeporte.<\/p>\n\n\n\n<p>En la charla realizada\nv\u00eda Zoom, el rostro televisivo convers\u00f3 con los deportistas del programa \u201cPromesas\nChile\u201d de la regi\u00f3n, Fernanda Ponce, nataci\u00f3n; y Pablo \u00c1lvarez de tiro al\nblanco, ambos seleccionados juveniles en sus respectivas disciplinas. Los\ndeportistas aportaron su testimonio hablando sobre c\u00f3mo la perseverancia y el\nesfuerzo fueron factores claves para el desarrollo de sus incipientes carreras\ndeportivas. La Capacitaci\u00f3n tambi\u00e9n tuvo el testimonio de Elizabeth Mart\u00ednez,\ndel Club de Adulto Mayor Tatumbol de Magallanes, quien relat\u00f3 c\u00f3mo desarrollan\nla disciplina gracias a los recursos entregados por el Estado.<\/p>\n","protected":false},"excerpt":{"rendered":"<p>El crecimiento y avance del deporte nacional parte desde las bases, pues son los clubes y las organizaciones deportivas los primeros detectores de talentos. Adem\u00e1s, son claves para la promoci\u00f3n&#8230; <a class=\"read-more\" href=\"https:\/\/www.radiopresidenteibanez.cl\/web\/mindep-magallanes-e-ind-realizaron-exitosa-capacitacion-mas-alla-del-deporte\/\">Leer m\u00e1s<\/a><\/p>\n","protected":false},"author":2,"featured_media":22904,"comment_status":"closed","ping_status":"closed","sticky":false,"template":"","format":"standard","meta":{"footnotes":""},"categories":[1],"tags":[],"class_list":["post-22903","post","type-post","status-publish","format-standard","has-post-thumbnail","hentry","category-cronica"],"_links":{"self":[{"href":"https:\/\/www.radiopresidenteibanez.cl\/web\/wp-json\/wp\/v2\/posts\/22903","targetHints":{"allow":["GET"]}}],"collection":[{"href":"https:\/\/www.radiopresidenteibanez.cl\/web\/wp-json\/wp\/v2\/posts"}],"about":[{"href":"https:\/\/www.radiopresidenteibanez.cl\/web\/wp-json\/wp\/v2\/types\/post"}],"author":[{"embeddable":true,"href":"https:\/\/www.radiopresidenteibanez.cl\/web\/wp-json\/wp\/v2\/users\/2"}],"replies":[{"embeddable":true,"href":"https:\/\/www.radiopresidenteibanez.cl\/web\/wp-json\/wp\/v2\/comments?post=22903"}],"version-history":[{"count":0,"href":"https:\/\/www.radiopresidenteibanez.cl\/web\/wp-json\/wp\/v2\/posts\/22903\/revisions"}],"wp:featuredmedia":[{"embeddable":true,"href":"https:\/\/www.radiopresidenteibanez.cl\/web\/wp-json\/wp\/v2\/media\/22904"}],"wp:attachment":[{"href":"https:\/\/www.radiopresidenteibanez.cl\/web\/wp-json\/wp\/v2\/media?parent=22903"}],"wp:term":[{"taxonomy":"category","embeddable":true,"href":"https:\/\/www.radiopresidenteibanez.cl\/web\/wp-json\/wp\/v2\/categories?post=22903"},{"taxonomy":"post_tag","embeddable":true,"href":"https:\/\/www.radiopresidenteibanez.cl\/web\/wp-json\/wp\/v2\/tags?post=22903"}],"curies":[{"name":"wp","href":"https:\/\/api.w.org\/{rel}","templated":true}]}}