{"id":2283,"date":"2019-03-15T00:22:16","date_gmt":"2019-03-15T00:22:16","guid":{"rendered":"http:\/\/www.radiopresidenteibanez.cl\/web\/?p=2283"},"modified":"2019-03-15T00:22:25","modified_gmt":"2019-03-15T00:22:25","slug":"personal-de-la-iva-brigada-aerea-visito-hogar-de-ancianos-eleam-de-punta-arenas","status":"publish","type":"post","link":"https:\/\/www.radiopresidenteibanez.cl\/web\/personal-de-la-iva-brigada-aerea-visito-hogar-de-ancianos-eleam-de-punta-arenas\/","title":{"rendered":"PERSONAL DE LA IV\u00aa BRIGADA A\u00c9REA VISIT\u00d3 HOGAR DE ANCIANOS ELEAM DE PUNTA ARENAS"},"content":{"rendered":"\n<p>El d\u00eda 14 de marzo y en el marco de las actividades programadas con motivo del mes del aire, una delegaci\u00f3n de la IV\u00aa Brigada A\u00e9rea visit\u00f3 el Establecimiento de Larga estad\u00eda para Adultos Mayores (ELEAM) de Punta Arenas, ocasi\u00f3n en que les brindaron un desayuno y una presentaci\u00f3n art\u00edstica con el grupo folcl\u00f3rico de la IV Brigada A\u00e9rea Arrieros del Viento, que los deleit\u00f3 con tres pies de cueca. <\/p>\n\n\n\n<ul class=\"wp-block-gallery columns-2 is-cropped wp-block-gallery-1 is-layout-flex wp-block-gallery-is-layout-flex\"><li class=\"blocks-gallery-item\"><figure><img loading=\"lazy\" decoding=\"async\" width=\"900\" height=\"596\" src=\"https:\/\/www.radiopresidenteibanez.cl\/web\/wp-content\/uploads\/2019\/03\/DSC_0048.jpg\" alt=\"\" data-id=\"2284\" data-link=\"https:\/\/www.radiopresidenteibanez.cl\/web\/?attachment_id=2284\" class=\"wp-image-2284\" srcset=\"https:\/\/www.radiopresidenteibanez.cl\/web\/wp-content\/uploads\/2019\/03\/DSC_0048.jpg 900w, https:\/\/www.radiopresidenteibanez.cl\/web\/wp-content\/uploads\/2019\/03\/DSC_0048-300x199.jpg 300w, https:\/\/www.radiopresidenteibanez.cl\/web\/wp-content\/uploads\/2019\/03\/DSC_0048-768x509.jpg 768w\" sizes=\"auto, (max-width: 900px) 100vw, 900px\" \/><\/figure><\/li><li class=\"blocks-gallery-item\"><figure><img loading=\"lazy\" decoding=\"async\" width=\"900\" height=\"553\" src=\"https:\/\/www.radiopresidenteibanez.cl\/web\/wp-content\/uploads\/2019\/03\/DSC_0080.jpg\" alt=\"\" data-id=\"2285\" data-link=\"https:\/\/www.radiopresidenteibanez.cl\/web\/?attachment_id=2285\" class=\"wp-image-2285\" srcset=\"https:\/\/www.radiopresidenteibanez.cl\/web\/wp-content\/uploads\/2019\/03\/DSC_0080.jpg 900w, https:\/\/www.radiopresidenteibanez.cl\/web\/wp-content\/uploads\/2019\/03\/DSC_0080-300x184.jpg 300w, https:\/\/www.radiopresidenteibanez.cl\/web\/wp-content\/uploads\/2019\/03\/DSC_0080-768x472.jpg 768w\" sizes=\"auto, (max-width: 900px) 100vw, 900px\" \/><\/figure><\/li><\/ul>\n","protected":false},"excerpt":{"rendered":"<p>El d\u00eda 14 de marzo y en el marco de las actividades programadas con motivo del mes del aire, una delegaci\u00f3n de la IV\u00aa Brigada A\u00e9rea visit\u00f3 el Establecimiento de&#8230; <a class=\"read-more\" href=\"https:\/\/www.radiopresidenteibanez.cl\/web\/personal-de-la-iva-brigada-aerea-visito-hogar-de-ancianos-eleam-de-punta-arenas\/\">Leer m\u00e1s<\/a><\/p>\n","protected":false},"author":2,"featured_media":2285,"comment_status":"closed","ping_status":"closed","sticky":false,"template":"","format":"standard","meta":{"footnotes":""},"categories":[1],"tags":[],"class_list":["post-2283","post","type-post","status-publish","format-standard","has-post-thumbnail","hentry","category-cronica"],"_links":{"self":[{"href":"https:\/\/www.radiopresidenteibanez.cl\/web\/wp-json\/wp\/v2\/posts\/2283","targetHints":{"allow":["GET"]}}],"collection":[{"href":"https:\/\/www.radiopresidenteibanez.cl\/web\/wp-json\/wp\/v2\/posts"}],"about":[{"href":"https:\/\/www.radiopresidenteibanez.cl\/web\/wp-json\/wp\/v2\/types\/post"}],"author":[{"embeddable":true,"href":"https:\/\/www.radiopresidenteibanez.cl\/web\/wp-json\/wp\/v2\/users\/2"}],"replies":[{"embeddable":true,"href":"https:\/\/www.radiopresidenteibanez.cl\/web\/wp-json\/wp\/v2\/comments?post=2283"}],"version-history":[{"count":0,"href":"https:\/\/www.radiopresidenteibanez.cl\/web\/wp-json\/wp\/v2\/posts\/2283\/revisions"}],"wp:featuredmedia":[{"embeddable":true,"href":"https:\/\/www.radiopresidenteibanez.cl\/web\/wp-json\/wp\/v2\/media\/2285"}],"wp:attachment":[{"href":"https:\/\/www.radiopresidenteibanez.cl\/web\/wp-json\/wp\/v2\/media?parent=2283"}],"wp:term":[{"taxonomy":"category","embeddable":true,"href":"https:\/\/www.radiopresidenteibanez.cl\/web\/wp-json\/wp\/v2\/categories?post=2283"},{"taxonomy":"post_tag","embeddable":true,"href":"https:\/\/www.radiopresidenteibanez.cl\/web\/wp-json\/wp\/v2\/tags?post=2283"}],"curies":[{"name":"wp","href":"https:\/\/api.w.org\/{rel}","templated":true}]}}