{"id":2280,"date":"2019-03-15T00:19:02","date_gmt":"2019-03-15T00:19:02","guid":{"rendered":"http:\/\/www.radiopresidenteibanez.cl\/web\/?p=2280"},"modified":"2019-03-15T00:19:11","modified_gmt":"2019-03-15T00:19:11","slug":"fuerza-aerea-visito-colegio-pierre-faure-de-punta-arenas","status":"publish","type":"post","link":"https:\/\/www.radiopresidenteibanez.cl\/web\/fuerza-aerea-visito-colegio-pierre-faure-de-punta-arenas\/","title":{"rendered":"FUERZA A\u00c9REA VISIT\u00d3 COLEGIO PIERRE FAURE DE PUNTA ARENAS"},"content":{"rendered":"\n<p>Enmarcado\nen las celebraciones del octog\u00e9simo noveno aniversario de la Fuerza A\u00e9rea de\nChile, el d\u00eda 14 de marzo, personal de la IV<sup>a<\/sup> Brigada A\u00e9rea visit\u00f3\nel colegio Pierre Faure de Punta Arenas a cuyo alumnado dio a conocer el quehacer\ninstitucional.<\/p>\n\n\n\n<p>La\nexposici\u00f3n, a cargo de un oficial y un Personal del Cuadro Permanente,\nconsisti\u00f3 principalmente en explicar y dar a conocer la labor que realiza la\nFuerza A\u00e9rea de Chile, las diversas especialidades y \u00e1reas de desempe\u00f1o, como\nas\u00ed tambi\u00e9n responder a preguntas e inquietudes de j\u00f3venes interesados en\ningresar a la instituci\u00f3n.<\/p>\n\n\n\n<p>Al t\u00e9rmino de la exposici\u00f3n los j\u00f3venes se\u00f1alaron que era relevante para ellos tener la oportunidad de conocer lo que la Fuerza A\u00e9rea realiza y ser parte de su abanico de opciones a la hora de tomar decisiones respecto de su futuro profesional.<\/p>\n\n\n\n<figure class=\"wp-block-image\"><img loading=\"lazy\" decoding=\"async\" width=\"900\" height=\"603\" src=\"https:\/\/www.radiopresidenteibanez.cl\/web\/wp-content\/uploads\/2019\/03\/DSC_0093.jpg\" alt=\"\" class=\"wp-image-2281\" srcset=\"https:\/\/www.radiopresidenteibanez.cl\/web\/wp-content\/uploads\/2019\/03\/DSC_0093.jpg 900w, https:\/\/www.radiopresidenteibanez.cl\/web\/wp-content\/uploads\/2019\/03\/DSC_0093-300x201.jpg 300w, https:\/\/www.radiopresidenteibanez.cl\/web\/wp-content\/uploads\/2019\/03\/DSC_0093-768x515.jpg 768w\" sizes=\"auto, (max-width: 900px) 100vw, 900px\" \/><\/figure>\n","protected":false},"excerpt":{"rendered":"<p>Enmarcado en las celebraciones del octog\u00e9simo noveno aniversario de la Fuerza A\u00e9rea de Chile, el d\u00eda 14 de marzo, personal de la IVa Brigada A\u00e9rea visit\u00f3 el colegio Pierre Faure&#8230; <a class=\"read-more\" href=\"https:\/\/www.radiopresidenteibanez.cl\/web\/fuerza-aerea-visito-colegio-pierre-faure-de-punta-arenas\/\">Leer m\u00e1s<\/a><\/p>\n","protected":false},"author":2,"featured_media":2281,"comment_status":"closed","ping_status":"closed","sticky":false,"template":"","format":"standard","meta":{"footnotes":""},"categories":[1],"tags":[],"class_list":["post-2280","post","type-post","status-publish","format-standard","has-post-thumbnail","hentry","category-cronica"],"_links":{"self":[{"href":"https:\/\/www.radiopresidenteibanez.cl\/web\/wp-json\/wp\/v2\/posts\/2280","targetHints":{"allow":["GET"]}}],"collection":[{"href":"https:\/\/www.radiopresidenteibanez.cl\/web\/wp-json\/wp\/v2\/posts"}],"about":[{"href":"https:\/\/www.radiopresidenteibanez.cl\/web\/wp-json\/wp\/v2\/types\/post"}],"author":[{"embeddable":true,"href":"https:\/\/www.radiopresidenteibanez.cl\/web\/wp-json\/wp\/v2\/users\/2"}],"replies":[{"embeddable":true,"href":"https:\/\/www.radiopresidenteibanez.cl\/web\/wp-json\/wp\/v2\/comments?post=2280"}],"version-history":[{"count":0,"href":"https:\/\/www.radiopresidenteibanez.cl\/web\/wp-json\/wp\/v2\/posts\/2280\/revisions"}],"wp:featuredmedia":[{"embeddable":true,"href":"https:\/\/www.radiopresidenteibanez.cl\/web\/wp-json\/wp\/v2\/media\/2281"}],"wp:attachment":[{"href":"https:\/\/www.radiopresidenteibanez.cl\/web\/wp-json\/wp\/v2\/media?parent=2280"}],"wp:term":[{"taxonomy":"category","embeddable":true,"href":"https:\/\/www.radiopresidenteibanez.cl\/web\/wp-json\/wp\/v2\/categories?post=2280"},{"taxonomy":"post_tag","embeddable":true,"href":"https:\/\/www.radiopresidenteibanez.cl\/web\/wp-json\/wp\/v2\/tags?post=2280"}],"curies":[{"name":"wp","href":"https:\/\/api.w.org\/{rel}","templated":true}]}}