{"id":22797,"date":"2021-08-04T10:47:00","date_gmt":"2021-08-04T13:47:00","guid":{"rendered":"https:\/\/www.radiopresidenteibanez.cl\/web\/?p=22797"},"modified":"2021-08-04T10:35:36","modified_gmt":"2021-08-04T13:35:36","slug":"municipio-de-punta-arenas-y-ejercito-retomaron-convenio-para-que-mas-de-100-ninos-de-la-comuna-puedan-acceder-a-equinoterapia-gratuita","status":"publish","type":"post","link":"https:\/\/www.radiopresidenteibanez.cl\/web\/municipio-de-punta-arenas-y-ejercito-retomaron-convenio-para-que-mas-de-100-ninos-de-la-comuna-puedan-acceder-a-equinoterapia-gratuita\/","title":{"rendered":"MUNICIPIO DE PUNTA ARENAS Y EJERCITO RETOMARON CONVENIO PARA QUE MAS DE 100 NI\u00f1OS DE LA COMUNA PUEDAN ACCEDER A EQUINOTERAPIA GRATUITA"},"content":{"rendered":"\n<p>Cerca de 120 ni\u00f1as y ni\u00f1os de Punta Arenas ser\u00e1n beneficiados con la renovaci\u00f3n del Convenio de Colaboraci\u00f3n 2021 entre el Municipio local y el Ej\u00e9rcito, que les permitir\u00e1 acceder a equinoterapia en dependencias del Centro Ecuestre Dragones, perteneciente a la 4\u00b0 Brigada Acorazada \u201cChorrillos\u201d.<\/p>\n\n\n\n<p><br>\u201cEsto ha significado que m\u00e1s de cien ni\u00f1os durante estos a\u00f1os, que ya suman m\u00e1s de 800, tengan una mejor calidad de vida, que es lo que estamos buscando. Este tema no es andar a caballo, sino que son tratamientos sobre todo para ni\u00f1os TEA, y por eso es que siempre quedamos cortos porque hay muchos pap\u00e1s que quieren incorporarlos. Y el Ej\u00e9rcito nos ha dado nuevamente este lugar despu\u00e9s de un a\u00f1o complejo\u201d, afirm\u00f3 el alcalde de Punta Arenas, Claudio Radonich.<\/p>\n\n\n\n<p><br>El convenio establece la disposici\u00f3n del Ej\u00e9rcito para colaborar con las instalaciones del Centro Ecuestre, adem\u00e1s de los equinos y funcionarios especializados, mientras que el Municipio colaborar\u00e1 con especialistas en los tratamientos respectivos para los usuarios de la terapia con equinos.<br>\u201cNosotros con este convenio que firmamos hoy, estamos contribuyendo a nuestra sociedad, principalmente a aquellos j\u00f3venes y ni\u00f1os que requieren de este apoyo de equinoterapia. Nosotros, buscamos esta cercan\u00eda y apoyar la gesti\u00f3n de nuestro alcalde.<\/p>\n\n\n\n<p> Sabemos que fue un a\u00f1o complejo el a\u00f1o pasado por el tema de la pandemia, pero ahora ya con la situaci\u00f3n que se vive estamos en condiciones de poder retomar estas actividades\u201d, afirm\u00f3 el Coronel Jos\u00e9 Soto Escala, Comandante 4\u00b0 Brigada Acorazada \u201cChorrillos\u201d.<\/p>\n\n\n\n<p><br>Los beneficiarios corresponden a alumnos, alumnas de establecimientos de la Corporaci\u00f3n Municipal y usuarios de distintas instituciones sociales.<br><\/p>\n","protected":false},"excerpt":{"rendered":"<p>Cerca de 120 ni\u00f1as y ni\u00f1os de Punta Arenas ser\u00e1n beneficiados con la renovaci\u00f3n del Convenio de Colaboraci\u00f3n 2021 entre el Municipio local y el Ej\u00e9rcito, que les permitir\u00e1 acceder&#8230; <a class=\"read-more\" href=\"https:\/\/www.radiopresidenteibanez.cl\/web\/municipio-de-punta-arenas-y-ejercito-retomaron-convenio-para-que-mas-de-100-ninos-de-la-comuna-puedan-acceder-a-equinoterapia-gratuita\/\">Leer m\u00e1s<\/a><\/p>\n","protected":false},"author":2,"featured_media":22798,"comment_status":"closed","ping_status":"closed","sticky":false,"template":"","format":"standard","meta":{"footnotes":""},"categories":[1],"tags":[],"class_list":["post-22797","post","type-post","status-publish","format-standard","has-post-thumbnail","hentry","category-cronica"],"_links":{"self":[{"href":"https:\/\/www.radiopresidenteibanez.cl\/web\/wp-json\/wp\/v2\/posts\/22797","targetHints":{"allow":["GET"]}}],"collection":[{"href":"https:\/\/www.radiopresidenteibanez.cl\/web\/wp-json\/wp\/v2\/posts"}],"about":[{"href":"https:\/\/www.radiopresidenteibanez.cl\/web\/wp-json\/wp\/v2\/types\/post"}],"author":[{"embeddable":true,"href":"https:\/\/www.radiopresidenteibanez.cl\/web\/wp-json\/wp\/v2\/users\/2"}],"replies":[{"embeddable":true,"href":"https:\/\/www.radiopresidenteibanez.cl\/web\/wp-json\/wp\/v2\/comments?post=22797"}],"version-history":[{"count":0,"href":"https:\/\/www.radiopresidenteibanez.cl\/web\/wp-json\/wp\/v2\/posts\/22797\/revisions"}],"wp:featuredmedia":[{"embeddable":true,"href":"https:\/\/www.radiopresidenteibanez.cl\/web\/wp-json\/wp\/v2\/media\/22798"}],"wp:attachment":[{"href":"https:\/\/www.radiopresidenteibanez.cl\/web\/wp-json\/wp\/v2\/media?parent=22797"}],"wp:term":[{"taxonomy":"category","embeddable":true,"href":"https:\/\/www.radiopresidenteibanez.cl\/web\/wp-json\/wp\/v2\/categories?post=22797"},{"taxonomy":"post_tag","embeddable":true,"href":"https:\/\/www.radiopresidenteibanez.cl\/web\/wp-json\/wp\/v2\/tags?post=22797"}],"curies":[{"name":"wp","href":"https:\/\/api.w.org\/{rel}","templated":true}]}}