{"id":22772,"date":"2021-08-03T10:19:07","date_gmt":"2021-08-03T13:19:07","guid":{"rendered":"https:\/\/www.radiopresidenteibanez.cl\/web\/?p=22772"},"modified":"2021-08-03T10:19:12","modified_gmt":"2021-08-03T13:19:12","slug":"mindep-e-ind-realizaran-jornada-de-capacitacion-en-magallanes","status":"publish","type":"post","link":"https:\/\/www.radiopresidenteibanez.cl\/web\/mindep-e-ind-realizaran-jornada-de-capacitacion-en-magallanes\/","title":{"rendered":"MINDEP E IND REALIZARAN JORNADA DE CAPACITACION EN MAGALLANES"},"content":{"rendered":"\n<p>Este jueves 05 de agosto, a contar de las 10:30 horas, el Ministerio del\nDeporte e Instituto Nacional realizar\u00e1n en Magallanes la jornada abierta de\ncapacitaci\u00f3n \u201cM\u00e1s All\u00e1 del Deporte\u201d, la que tiene por objetivo entregar\nherramientas y resolver dudas sobre actividad f\u00edsica y deporte a dirigentes\ndeportivos, deportistas, organizaciones deportivas y p\u00fablico en general. <\/p>\n\n\n\n<p>Durante la capacitaci\u00f3n, se abordar\u00e1n tem\u00e1ticas sobre fuentes de\nfinanciamiento que existen para el apoyo de la actividad deportiva, una\ninducci\u00f3n sobre c\u00f3mo crear clubes deportivos, y se ahondar\u00e1 en la\nimplementaci\u00f3n sobre la adopci\u00f3n del protocolo contra el acoso sexual, abuso\nsexual, discriminaci\u00f3n y maltrato en el deporte. <\/p>\n\n\n\n<p>Adem\u00e1s, el reconocido conductor de televisi\u00f3n, Francisco \u201cPancho\u201d Saavedra,\nrealizar\u00e1 la conducci\u00f3n de un segmento destino a entregar herramientas de\nmotivaci\u00f3n y entrevistas a dos destacados deportistas de la regi\u00f3n de\nMagallanes: Fernanda Ponce (nado en aguas abiertas) y Pablo \u00c1lvarez (tiro\nol\u00edmpico). <\/p>\n\n\n\n<p>\u201cEste es un gran espacio para que, tanto las organizaciones deportivas como\nel p\u00fablico en general, puedan conocer, por ejemplo, las fuentes de\nfinanciamiento que como Ministerio del Deporte e Instituto Nacional de Deportes\ntenemos a disposici\u00f3n. Adem\u00e1s, es una buena instancia para que las personas\nconozcan m\u00e1s a dos de nuestros destacados deportistas de Magallanes\u201d, se\u00f1al\u00f3 la\nSeremi del Deporte, Odette Callahan. <\/p>\n\n\n\n<p>La jornada de capacitaci\u00f3n \u201cM\u00e1s All\u00e1 Del Deporte\u201d se realizar\u00e1 a trav\u00e9s de\nla plataforma Zoom, el pr\u00f3ximo jueves 05 de agosto a las 10:30 horas, y los\ninteresados en inscribirse deben ingresar al link <a href=\"http:\/\/www.jornadasind.cl\">www.jornadasind.cl<\/a> <\/p>\n","protected":false},"excerpt":{"rendered":"<p>Este jueves 05 de agosto, a contar de las 10:30 horas, el Ministerio del Deporte e Instituto Nacional realizar\u00e1n en Magallanes la jornada abierta de capacitaci\u00f3n \u201cM\u00e1s All\u00e1 del Deporte\u201d,&#8230; <a class=\"read-more\" href=\"https:\/\/www.radiopresidenteibanez.cl\/web\/mindep-e-ind-realizaran-jornada-de-capacitacion-en-magallanes\/\">Leer m\u00e1s<\/a><\/p>\n","protected":false},"author":2,"featured_media":22773,"comment_status":"closed","ping_status":"closed","sticky":false,"template":"","format":"standard","meta":{"footnotes":""},"categories":[1],"tags":[],"class_list":["post-22772","post","type-post","status-publish","format-standard","has-post-thumbnail","hentry","category-cronica"],"_links":{"self":[{"href":"https:\/\/www.radiopresidenteibanez.cl\/web\/wp-json\/wp\/v2\/posts\/22772","targetHints":{"allow":["GET"]}}],"collection":[{"href":"https:\/\/www.radiopresidenteibanez.cl\/web\/wp-json\/wp\/v2\/posts"}],"about":[{"href":"https:\/\/www.radiopresidenteibanez.cl\/web\/wp-json\/wp\/v2\/types\/post"}],"author":[{"embeddable":true,"href":"https:\/\/www.radiopresidenteibanez.cl\/web\/wp-json\/wp\/v2\/users\/2"}],"replies":[{"embeddable":true,"href":"https:\/\/www.radiopresidenteibanez.cl\/web\/wp-json\/wp\/v2\/comments?post=22772"}],"version-history":[{"count":0,"href":"https:\/\/www.radiopresidenteibanez.cl\/web\/wp-json\/wp\/v2\/posts\/22772\/revisions"}],"wp:featuredmedia":[{"embeddable":true,"href":"https:\/\/www.radiopresidenteibanez.cl\/web\/wp-json\/wp\/v2\/media\/22773"}],"wp:attachment":[{"href":"https:\/\/www.radiopresidenteibanez.cl\/web\/wp-json\/wp\/v2\/media?parent=22772"}],"wp:term":[{"taxonomy":"category","embeddable":true,"href":"https:\/\/www.radiopresidenteibanez.cl\/web\/wp-json\/wp\/v2\/categories?post=22772"},{"taxonomy":"post_tag","embeddable":true,"href":"https:\/\/www.radiopresidenteibanez.cl\/web\/wp-json\/wp\/v2\/tags?post=22772"}],"curies":[{"name":"wp","href":"https:\/\/api.w.org\/{rel}","templated":true}]}}