{"id":22760,"date":"2021-08-02T18:55:00","date_gmt":"2021-08-02T21:55:00","guid":{"rendered":"https:\/\/www.radiopresidenteibanez.cl\/web\/?p=22760"},"modified":"2021-08-02T16:28:58","modified_gmt":"2021-08-02T19:28:58","slug":"trabajadoras-de-enap-reciben-certificacion-tras-capacitarse-en-liderazgo","status":"publish","type":"post","link":"https:\/\/www.radiopresidenteibanez.cl\/web\/trabajadoras-de-enap-reciben-certificacion-tras-capacitarse-en-liderazgo\/","title":{"rendered":"TRABAJADORAS DE ENAP RECIBEN CERTIFICACI\u00d3N TRAS CAPACITARSE EN LIDERAZGO"},"content":{"rendered":"\n<p>En un encuentro encabezado por la ministra de la Mujer y Equidad de\nG\u00e9nero, M\u00f3nica Zalaquett, cerca de 20 mujeres de Magallanes recibieron su\ncertificaci\u00f3n tras cumplir exitosamente un proceso de capacitaci\u00f3n en\nliderazgo, iniciativa impulsada a trav\u00e9s del programa In-Fluye.<\/p>\n\n\n\n<p>Entre las mujeres que cumplieron su ciclo de preparaci\u00f3n figuran tres\ntrabajadoras de ENAP Magallanes: Karina Ojeda, jefa del Depto. de Excelencia\nOperacional; Alejandra Bufadel, encargada de Calidad de Vida; y Ariana\nBahamondes, Encargada de Ingenier\u00eda de Perforaciones. En la actividad,\nrealizada en instalaciones de la EPAustral, fueron acompa\u00f1adas por el gerente\ngeneral E&amp;P ENAP Magallanes; Pablo Mart\u00ednez; y el jefe de Comunidades ENAP\nMagallanes, Alfonso Pacheco. <\/p>\n\n\n\n<p>Con el PROGRAMA IN-FLUYE se busca que las mujeres que se encuentran en\nroles directivos puedan robustecer su liderazgo, adquirir nuevas herramientas y\nponer en pr\u00e1ctica un plan de acci\u00f3n que les permita aumentar la influencia y\nefectividad en las organizaciones de las que forman parte.&nbsp; \u201cFue una experiencia enriquecedora participar\nde un programa que busca potenciar la efectividad de mujeres l\u00edderes a trav\u00e9s\ndel autoconocimiento y reconexi\u00f3n con la grandeza de nuestro poder interior,\nsumado a la importancia de establecer redes, escuchar y aprender de los dem\u00e1s,\nlo cual me permiti\u00f3 aprender de cada una, compartir vivencias y experiencias\nenriquecedora\u201d, expres\u00f3 Karina Ojeda.<\/p>\n\n\n\n<p>El curso -in\u00e9dito en la regi\u00f3n de Magallanes- incluy\u00f3 4 m\u00f3dulos\nformativos pr\u00e1cticos y 4 sesiones de Coaching individual para cada una de las trabajadoras,\nlo que fue liderado por la coach profesional Brian Walkins Torres. \u201cFue muy\nbeneficioso y enriquecedor, no solo por lo aprendido en relaci\u00f3n con\nfortalecimiento de habilidades de liderazgo y las herramientas entregadas, sino\ntambi\u00e9n por haber tenido la posibilidad de conocer y compartir experiencias con\notras mujeres l\u00edderes de diferentes empresas de la regi\u00f3n\u201d, manifest\u00f3 Alejandra\nBufadel.<\/p>\n\n\n\n<p>En tanto, Ariana Bahamondes, expres\u00f3: \u00abMe pareci\u00f3 fant\u00e1stico, nunca\nhab\u00eda recibido una capacitaci\u00f3n de las llamadas habilidades blandas y cada vez\nse hace m\u00e1s necesario cuando tenemos un rol de supervisi\u00f3n. Adem\u00e1s, con el plus\nde enfoque de g\u00e9nero lo hace a\u00fan m\u00e1s \u00fatil para las que nos desarrollamos en un\nambiente 100% masculino.\u00bb<\/p>\n\n\n\n<p>La Ministra felicit\u00f3 a las participantes y las inst\u00f3 a trabajar para que\notras mujeres se sumen al desaf\u00edo. \u201cComo gobierno tenemos un compromiso que es\navanzar hacia una sociedad donde logremos generar igualdad de oportunidades, de\nderechos y tambi\u00e9n de deberes, tanto para hombres como para mujeres. Hay que\ntrabajar en forma colaborativa, por eso valoro mucho este esfuerzo p\u00fablico-privado\nque se ha hecho, con el compromiso de distintos actores. Tenemos que impulsar\nque ojal\u00e1 cada d\u00eda m\u00e1s mujeres como ustedes asuman puestos de liderazgo y, a su\nvez, ustedes fortalezcan sus habilidades y competencias, irradiando para que\notras mujeres se sumen\u201d, expres\u00f3 la ministra a las participantes. <\/p>\n","protected":false},"excerpt":{"rendered":"<p>En un encuentro encabezado por la ministra de la Mujer y Equidad de G\u00e9nero, M\u00f3nica Zalaquett, cerca de 20 mujeres de Magallanes recibieron su certificaci\u00f3n tras cumplir exitosamente un proceso&#8230; <a class=\"read-more\" href=\"https:\/\/www.radiopresidenteibanez.cl\/web\/trabajadoras-de-enap-reciben-certificacion-tras-capacitarse-en-liderazgo\/\">Leer m\u00e1s<\/a><\/p>\n","protected":false},"author":2,"featured_media":22761,"comment_status":"closed","ping_status":"closed","sticky":false,"template":"","format":"standard","meta":{"footnotes":""},"categories":[1],"tags":[],"class_list":["post-22760","post","type-post","status-publish","format-standard","has-post-thumbnail","hentry","category-cronica"],"_links":{"self":[{"href":"https:\/\/www.radiopresidenteibanez.cl\/web\/wp-json\/wp\/v2\/posts\/22760","targetHints":{"allow":["GET"]}}],"collection":[{"href":"https:\/\/www.radiopresidenteibanez.cl\/web\/wp-json\/wp\/v2\/posts"}],"about":[{"href":"https:\/\/www.radiopresidenteibanez.cl\/web\/wp-json\/wp\/v2\/types\/post"}],"author":[{"embeddable":true,"href":"https:\/\/www.radiopresidenteibanez.cl\/web\/wp-json\/wp\/v2\/users\/2"}],"replies":[{"embeddable":true,"href":"https:\/\/www.radiopresidenteibanez.cl\/web\/wp-json\/wp\/v2\/comments?post=22760"}],"version-history":[{"count":0,"href":"https:\/\/www.radiopresidenteibanez.cl\/web\/wp-json\/wp\/v2\/posts\/22760\/revisions"}],"wp:featuredmedia":[{"embeddable":true,"href":"https:\/\/www.radiopresidenteibanez.cl\/web\/wp-json\/wp\/v2\/media\/22761"}],"wp:attachment":[{"href":"https:\/\/www.radiopresidenteibanez.cl\/web\/wp-json\/wp\/v2\/media?parent=22760"}],"wp:term":[{"taxonomy":"category","embeddable":true,"href":"https:\/\/www.radiopresidenteibanez.cl\/web\/wp-json\/wp\/v2\/categories?post=22760"},{"taxonomy":"post_tag","embeddable":true,"href":"https:\/\/www.radiopresidenteibanez.cl\/web\/wp-json\/wp\/v2\/tags?post=22760"}],"curies":[{"name":"wp","href":"https:\/\/api.w.org\/{rel}","templated":true}]}}