{"id":2274,"date":"2019-03-15T00:12:46","date_gmt":"2019-03-15T00:12:46","guid":{"rendered":"http:\/\/www.radiopresidenteibanez.cl\/web\/?p=2274"},"modified":"2019-03-15T00:13:24","modified_gmt":"2019-03-15T00:13:24","slug":"semaforo-peatonal-del-centro-cultural-estara-operativo-a-fines-de-marzo","status":"publish","type":"post","link":"https:\/\/www.radiopresidenteibanez.cl\/web\/semaforo-peatonal-del-centro-cultural-estara-operativo-a-fines-de-marzo\/","title":{"rendered":"SEM\u00c1FORO PEATONAL DEL CENTRO CULTURAL ESTAR\u00c1 OPERATIVO A FINES DE MARZO"},"content":{"rendered":"\n<p>S\u00f3lo resta la conexi\u00f3n al empalme para que entre en funcionamiento el nuevo SEM\u00c1FORO PEATONAL del Centro Cultural de Punta Arenas, el cual seg\u00fan las palabras del alcalde Claudio Radonich, \u201cotorgar\u00e1 mayor seguridad vial a quienes lleguen a dicho recinto a disfrutar de las actividades que se desarrollan durante todo el a\u00f1o\u201d.<\/p>\n\n\n\n<p>A esto, Radonich agreg\u00f3 que \u201cel a\u00f1o 2018 m\u00e1s de 5 mil personas llegaron hasta el Centro Cultural de nuestra ciudad, por tanto, era fundamental contar con un sem\u00e1foro peatonal, el cual solo cambiar\u00e1 sus luces cuando sea requerido por un transe\u00fante\u201d.<\/p>\n\n\n\n<p>\u201cActualmente ya est\u00e1n listas las obras civiles, que incluyen los sem\u00e1foros propiamente tal, la modificaci\u00f3n de las veredas que permiten accesos inclusivos y el cableado interno, por lo que ahora resta el proceso que otorga energ\u00eda a trav\u00e9s del empalme, el cual debiese estar finalizado el d\u00eda viernes o s\u00e1bado de la pr\u00f3xima semana\u201d, inform\u00f3 la autoridad comunal.<\/p>\n\n\n\n<p>Por \u00faltimo, luego de una visita al lugar, Radonich reiter\u00f3 lo importante que era concretar esta inversi\u00f3n, puesto que atenuar\u00e1 los riesgos del cruce y mejorar\u00e1 la seguridad vial del sector para los vecinos que transitan por ah\u00ed.<br><\/p>\n\n\n\n<figure class=\"wp-block-image\"><img loading=\"lazy\" decoding=\"async\" width=\"900\" height=\"575\" src=\"https:\/\/www.radiopresidenteibanez.cl\/web\/wp-content\/uploads\/2019\/03\/DSC_8241.jpg\" alt=\"\" class=\"wp-image-2275\" srcset=\"https:\/\/www.radiopresidenteibanez.cl\/web\/wp-content\/uploads\/2019\/03\/DSC_8241.jpg 900w, https:\/\/www.radiopresidenteibanez.cl\/web\/wp-content\/uploads\/2019\/03\/DSC_8241-300x192.jpg 300w, https:\/\/www.radiopresidenteibanez.cl\/web\/wp-content\/uploads\/2019\/03\/DSC_8241-768x491.jpg 768w\" sizes=\"auto, (max-width: 900px) 100vw, 900px\" \/><\/figure>\n","protected":false},"excerpt":{"rendered":"<p>S\u00f3lo resta la conexi\u00f3n al empalme para que entre en funcionamiento el nuevo SEM\u00c1FORO PEATONAL del Centro Cultural de Punta Arenas, el cual seg\u00fan las palabras del alcalde Claudio Radonich,&#8230; <a class=\"read-more\" href=\"https:\/\/www.radiopresidenteibanez.cl\/web\/semaforo-peatonal-del-centro-cultural-estara-operativo-a-fines-de-marzo\/\">Leer m\u00e1s<\/a><\/p>\n","protected":false},"author":2,"featured_media":2275,"comment_status":"closed","ping_status":"closed","sticky":false,"template":"","format":"standard","meta":{"footnotes":""},"categories":[1],"tags":[],"class_list":["post-2274","post","type-post","status-publish","format-standard","has-post-thumbnail","hentry","category-cronica"],"_links":{"self":[{"href":"https:\/\/www.radiopresidenteibanez.cl\/web\/wp-json\/wp\/v2\/posts\/2274","targetHints":{"allow":["GET"]}}],"collection":[{"href":"https:\/\/www.radiopresidenteibanez.cl\/web\/wp-json\/wp\/v2\/posts"}],"about":[{"href":"https:\/\/www.radiopresidenteibanez.cl\/web\/wp-json\/wp\/v2\/types\/post"}],"author":[{"embeddable":true,"href":"https:\/\/www.radiopresidenteibanez.cl\/web\/wp-json\/wp\/v2\/users\/2"}],"replies":[{"embeddable":true,"href":"https:\/\/www.radiopresidenteibanez.cl\/web\/wp-json\/wp\/v2\/comments?post=2274"}],"version-history":[{"count":0,"href":"https:\/\/www.radiopresidenteibanez.cl\/web\/wp-json\/wp\/v2\/posts\/2274\/revisions"}],"wp:featuredmedia":[{"embeddable":true,"href":"https:\/\/www.radiopresidenteibanez.cl\/web\/wp-json\/wp\/v2\/media\/2275"}],"wp:attachment":[{"href":"https:\/\/www.radiopresidenteibanez.cl\/web\/wp-json\/wp\/v2\/media?parent=2274"}],"wp:term":[{"taxonomy":"category","embeddable":true,"href":"https:\/\/www.radiopresidenteibanez.cl\/web\/wp-json\/wp\/v2\/categories?post=2274"},{"taxonomy":"post_tag","embeddable":true,"href":"https:\/\/www.radiopresidenteibanez.cl\/web\/wp-json\/wp\/v2\/tags?post=2274"}],"curies":[{"name":"wp","href":"https:\/\/api.w.org\/{rel}","templated":true}]}}