{"id":2271,"date":"2019-03-15T00:08:45","date_gmt":"2019-03-15T00:08:45","guid":{"rendered":"http:\/\/www.radiopresidenteibanez.cl\/web\/?p=2271"},"modified":"2019-03-15T00:09:11","modified_gmt":"2019-03-15T00:09:11","slug":"cchc-punta-arenas-se-reunio-con-jefe-regional-de-la-subdere","status":"publish","type":"post","link":"https:\/\/www.radiopresidenteibanez.cl\/web\/cchc-punta-arenas-se-reunio-con-jefe-regional-de-la-subdere\/","title":{"rendered":"CCHC PUNTA ARENAS SE REUNI\u00d3 CON JEFE REGIONAL DE LA SUBDERE"},"content":{"rendered":"\n<p>Autoridades de la C\u00e1mara Chilena de la Construcci\u00f3n de Punta Arenas, como Jan Gysling, Past President, y Carlos Braun, vicepresidente, se reunieron con Jacques Roux, Jefe de Unidad Regional de la Subdere.<\/p>\n\n\n\n<p>\u201cHace rato quer\u00eda juntarme con la C\u00e1mara Chilena de la Construcci\u00f3n, para saber cu\u00e1les dudas ten\u00edan, cu\u00e1les son los planes que tienen, y adem\u00e1s para contarles qu\u00e9 estamos haciendo como Subdere en la regi\u00f3n, para que tengan claridad de qu\u00e9 proyectos se vienen y c\u00f3mo est\u00e1 funcionando el Gobierno Regional ahora con la nueva ley de Fortalecimiento Regional\u201d, indic\u00f3 Roux.<\/p>\n\n\n\n<p>El motivo de la reuni\u00f3n fue conocer m\u00e1s detalles sobre la nueva organizaci\u00f3n del Gobierno Regional, espec\u00edficamente sobre el traspaso de competencias que se producir\u00e1 y el modelo de asignaci\u00f3n de recursos que cambiar\u00e1.<\/p>\n\n\n\n<p>Jan Gysling, Past President de la CChC Punta Arenas, manifest\u00f3 que \u201ces necesario conocer cu\u00e1les son los lineamientos que se est\u00e1n dando, cu\u00e1l es la arquitectura de este nuevo aparato estatal local que pronto comenzar\u00e1 a operar, dado que es fundamental saber cu\u00e1l es el marco institucional en el que se tiene que mover este nuevo interlocutor para nosotros, y c\u00f3mo nosotros debemos interactuar con \u00e9l; todo esto porque nos interesa conocer de qu\u00e9 manera nosotros como C\u00e1mara podemos cooperar mejor para lograr el desarrollo econ\u00f3mico de nuestra regi\u00f3n de la manera m\u00e1s fuerte posible\u201d.<\/p>\n\n\n\n<p>Por su parte, el jefe de la Subdere asegur\u00f3 que con la implementaci\u00f3n de las tres nuevas divisiones (Infraestructura y transporte, Fomento e inversi\u00f3n, y la Desarrollo Social y Capital Humano), el Gobierno Regional demuestra que va a tener muchas m\u00e1s facultades y competencias, dado que en vez de tres divisiones tendr\u00e1 seis, adem\u00e1s del Administrador Regional, quien se encargar\u00e1 de coordinar y asegurar el correcto funcionamiento de las seis divisiones.<\/p>\n\n\n\n<p>Otros temas tratados en la reuni\u00f3n incluyeron los proyectos de infraestructura del Plan Magallanes que ser\u00e1n priorizados, el plan de trabajo sobre el Plan de Ordenamiento Territorial durante este a\u00f1o, la continuidad y recursos asignados al Plan Especial de Desarrollo de Zonas Extremas (Pedze), entre otros.<br><\/p>\n\n\n\n<p>\u201cLos presupuestos que se han comprometido en el Pedze no han variado. Estamos tratando de gestionar m\u00e1s recursos, ya que tenemos una muy buena ejecuci\u00f3n de los mismos. La idea es que siga la metodolog\u00eda, que es tan importante para nosotros como regi\u00f3n, porque claramente hay varios proyectos que sin este sistema de evaluaci\u00f3n no se podr\u00edan haberse ejecutado\u201d, concluy\u00f3 Jacques Roux, Jefe de Unidad Regional de la Subdere.<\/p>\n\n\n\n<figure class=\"wp-block-image\"><img loading=\"lazy\" decoding=\"async\" width=\"900\" height=\"600\" src=\"https:\/\/www.radiopresidenteibanez.cl\/web\/wp-content\/uploads\/2019\/03\/CChC-se-re\u00fane-con-jefe-de-la-Subdere-11-03-2019-3.jpg\" alt=\"\" class=\"wp-image-2272\" srcset=\"https:\/\/www.radiopresidenteibanez.cl\/web\/wp-content\/uploads\/2019\/03\/CChC-se-re\u00fane-con-jefe-de-la-Subdere-11-03-2019-3.jpg 900w, https:\/\/www.radiopresidenteibanez.cl\/web\/wp-content\/uploads\/2019\/03\/CChC-se-re\u00fane-con-jefe-de-la-Subdere-11-03-2019-3-300x200.jpg 300w, https:\/\/www.radiopresidenteibanez.cl\/web\/wp-content\/uploads\/2019\/03\/CChC-se-re\u00fane-con-jefe-de-la-Subdere-11-03-2019-3-768x512.jpg 768w\" sizes=\"auto, (max-width: 900px) 100vw, 900px\" \/><\/figure>\n","protected":false},"excerpt":{"rendered":"<p>Autoridades de la C\u00e1mara Chilena de la Construcci\u00f3n de Punta Arenas, como Jan Gysling, Past President, y Carlos Braun, vicepresidente, se reunieron con Jacques Roux, Jefe de Unidad Regional de&#8230; <a class=\"read-more\" href=\"https:\/\/www.radiopresidenteibanez.cl\/web\/cchc-punta-arenas-se-reunio-con-jefe-regional-de-la-subdere\/\">Leer m\u00e1s<\/a><\/p>\n","protected":false},"author":2,"featured_media":2272,"comment_status":"closed","ping_status":"closed","sticky":false,"template":"","format":"standard","meta":{"footnotes":""},"categories":[1],"tags":[],"class_list":["post-2271","post","type-post","status-publish","format-standard","has-post-thumbnail","hentry","category-cronica"],"_links":{"self":[{"href":"https:\/\/www.radiopresidenteibanez.cl\/web\/wp-json\/wp\/v2\/posts\/2271","targetHints":{"allow":["GET"]}}],"collection":[{"href":"https:\/\/www.radiopresidenteibanez.cl\/web\/wp-json\/wp\/v2\/posts"}],"about":[{"href":"https:\/\/www.radiopresidenteibanez.cl\/web\/wp-json\/wp\/v2\/types\/post"}],"author":[{"embeddable":true,"href":"https:\/\/www.radiopresidenteibanez.cl\/web\/wp-json\/wp\/v2\/users\/2"}],"replies":[{"embeddable":true,"href":"https:\/\/www.radiopresidenteibanez.cl\/web\/wp-json\/wp\/v2\/comments?post=2271"}],"version-history":[{"count":0,"href":"https:\/\/www.radiopresidenteibanez.cl\/web\/wp-json\/wp\/v2\/posts\/2271\/revisions"}],"wp:featuredmedia":[{"embeddable":true,"href":"https:\/\/www.radiopresidenteibanez.cl\/web\/wp-json\/wp\/v2\/media\/2272"}],"wp:attachment":[{"href":"https:\/\/www.radiopresidenteibanez.cl\/web\/wp-json\/wp\/v2\/media?parent=2271"}],"wp:term":[{"taxonomy":"category","embeddable":true,"href":"https:\/\/www.radiopresidenteibanez.cl\/web\/wp-json\/wp\/v2\/categories?post=2271"},{"taxonomy":"post_tag","embeddable":true,"href":"https:\/\/www.radiopresidenteibanez.cl\/web\/wp-json\/wp\/v2\/tags?post=2271"}],"curies":[{"name":"wp","href":"https:\/\/api.w.org\/{rel}","templated":true}]}}