{"id":22698,"date":"2021-07-31T23:43:00","date_gmt":"2021-08-01T02:43:00","guid":{"rendered":"https:\/\/www.radiopresidenteibanez.cl\/web\/?p=22698"},"modified":"2021-07-30T23:45:37","modified_gmt":"2021-07-31T02:45:37","slug":"seremi-de-salud-junto-a-ong-raices-presentan-logo-y-capsula-educativa-con-motivo-del-dia-internacional-de-la-no-trata-de-personas","status":"publish","type":"post","link":"https:\/\/www.radiopresidenteibanez.cl\/web\/seremi-de-salud-junto-a-ong-raices-presentan-logo-y-capsula-educativa-con-motivo-del-dia-internacional-de-la-no-trata-de-personas\/","title":{"rendered":"SEREMI DE SALUD JUNTO A ONG RAICES PRESENTAN LOGO Y CAPSULA EDUCATIVA CON MOTIVO DEL DIA INTERNACIONAL DE LA NO TRATA DE PERSONAS"},"content":{"rendered":"\n<p>El Seremi de\nSalud (S) Eduardo Castillo junto a la psic\u00f3loga del programa de salud mental de\nla instituci\u00f3n, Ana Mar\u00eda Vargas, y la Trabajadora Social de la ONG Ra\u00edces Sede\nMagallanes, Roc\u00edo D\u00edaz, presentaron un logo y una c\u00e1psula informativa en\nconmemoraci\u00f3n del D\u00eda Internacional de la No Trata de Personas. <\/p>\n\n\n\n<p>Esta actividad se enmarca en la campa\u00f1a #MagallanesDiceNoALaTrata y tiene como\nobjetivo educar y orientar a la comunidad respecto de un fen\u00f3meno y un delito\npoco conocido que puede estar afectando a alguien que conocemos y que requerir\u00e1\nde ayuda y atenci\u00f3n; buscando entregar herramientas b\u00e1sicas que permitan\nidentificar algunas caracter\u00edsticas del delito, sus efectos en las personas y\nreconocer los diversos organismos e instituciones que est\u00e1n llamados a recibir\nlas denuncias e investigar dichas situaciones.<\/p>\n\n\n\n<p>El SEREMI de\nSalud Eduardo Castillo explic\u00f3 que \u201cestamos conmemorando el D\u00eda Internacional\nde la No Trata de Personas con la presentaci\u00f3n de un logo desarrollado en Magallanes\ny que nos invita a cada uno de nosotros a unirnos a esta campa\u00f1a #MagallanesDiceNoALaTrata.\nPor eso los instamos a unirse a esta campa\u00f1a, a realizar las denuncias y a\nreconocer en toda esta situaci\u00f3n una vulneraci\u00f3n a los derechos humanos.\nQueremos agradecer el trabajo conjunto que hemos estado haciendo junto a la ONG\nRa\u00edces, y los invitamos no solo a informarse, sino tambi\u00e9n difundir este video\nque se ha elaborado en Magallanes para fomentar la No Trata de Personas\u201d.<\/p>\n\n\n\n<p>La psic\u00f3loga Ana\nMar\u00eda Vargas, explic\u00f3 que \u201ces una fecha muy significativa para reconocer el\nda\u00f1o que se genera en las victimas de este tipo de delitos, porque es una\nvulneraci\u00f3n de derechos muy importante que afecta tanto la salud mental y\nf\u00edsica de las personas. Es por eso desde la SEREMI de Salud, espec\u00edficamente\ndel programa de salud mental y la unidad de comunicaciones, en colaboraci\u00f3n con\nla ONG Ra\u00edces, hemos querido incorporar dos hitos comunicacionales en este d\u00eda.\nUno que consiste en un logo que conmemora la afectaci\u00f3n que sufren las v\u00edctimas\nde este tipo de delitos. Y el otro es una capsula educativa que queremos\ndifundir en la poblaci\u00f3n para reconocer las caracter\u00edsticas de este tipo de\ndelitos y saber donde pueden denunciar, para que ellas puedan ser tratadas,\nintervenidas y reparadas de la manera m\u00e1s eficiente posible\u201d.<\/p>\n\n\n\n<p>La Trabajadora\nSocial del programa de explotaci\u00f3n sexual comercial de ni\u00f1os, ni\u00f1as y\nadolescentes dependiente de la ONG Ra\u00edces, Roc\u00edo D\u00edaz, agradeci\u00f3 el trabajo\ncolaborativo que se ha desarrollado con la Secretar\u00eda de Salud, \u201cla cual\ncontribuye a visibilizarnos como ONG a nivel regional. Y a poder invitar a la\ncomunidad a realizar las denuncias pertinentes para detectar de nuestros ni\u00f1os,\nj\u00f3venes y adolescentes que son v\u00edctimas de trata con fines de explotaci\u00f3n\nsexual\u201d.<\/p>\n","protected":false},"excerpt":{"rendered":"<p>El Seremi de Salud (S) Eduardo Castillo junto a la psic\u00f3loga del programa de salud mental de la instituci\u00f3n, Ana Mar\u00eda Vargas, y la Trabajadora Social de la ONG Ra\u00edces&#8230; <a class=\"read-more\" href=\"https:\/\/www.radiopresidenteibanez.cl\/web\/seremi-de-salud-junto-a-ong-raices-presentan-logo-y-capsula-educativa-con-motivo-del-dia-internacional-de-la-no-trata-de-personas\/\">Leer m\u00e1s<\/a><\/p>\n","protected":false},"author":2,"featured_media":22699,"comment_status":"closed","ping_status":"closed","sticky":false,"template":"","format":"standard","meta":{"footnotes":""},"categories":[1],"tags":[],"class_list":["post-22698","post","type-post","status-publish","format-standard","has-post-thumbnail","hentry","category-cronica"],"_links":{"self":[{"href":"https:\/\/www.radiopresidenteibanez.cl\/web\/wp-json\/wp\/v2\/posts\/22698","targetHints":{"allow":["GET"]}}],"collection":[{"href":"https:\/\/www.radiopresidenteibanez.cl\/web\/wp-json\/wp\/v2\/posts"}],"about":[{"href":"https:\/\/www.radiopresidenteibanez.cl\/web\/wp-json\/wp\/v2\/types\/post"}],"author":[{"embeddable":true,"href":"https:\/\/www.radiopresidenteibanez.cl\/web\/wp-json\/wp\/v2\/users\/2"}],"replies":[{"embeddable":true,"href":"https:\/\/www.radiopresidenteibanez.cl\/web\/wp-json\/wp\/v2\/comments?post=22698"}],"version-history":[{"count":0,"href":"https:\/\/www.radiopresidenteibanez.cl\/web\/wp-json\/wp\/v2\/posts\/22698\/revisions"}],"wp:featuredmedia":[{"embeddable":true,"href":"https:\/\/www.radiopresidenteibanez.cl\/web\/wp-json\/wp\/v2\/media\/22699"}],"wp:attachment":[{"href":"https:\/\/www.radiopresidenteibanez.cl\/web\/wp-json\/wp\/v2\/media?parent=22698"}],"wp:term":[{"taxonomy":"category","embeddable":true,"href":"https:\/\/www.radiopresidenteibanez.cl\/web\/wp-json\/wp\/v2\/categories?post=22698"},{"taxonomy":"post_tag","embeddable":true,"href":"https:\/\/www.radiopresidenteibanez.cl\/web\/wp-json\/wp\/v2\/tags?post=22698"}],"curies":[{"name":"wp","href":"https:\/\/api.w.org\/{rel}","templated":true}]}}