{"id":22692,"date":"2021-07-31T10:40:34","date_gmt":"2021-07-31T13:40:34","guid":{"rendered":"https:\/\/www.radiopresidenteibanez.cl\/web\/?p=22692"},"modified":"2021-07-30T23:27:47","modified_gmt":"2021-07-31T02:27:47","slug":"sag-celebra-en-un-aniversario-virtual-sus-54-anos-de-existencia","status":"publish","type":"post","link":"https:\/\/www.radiopresidenteibanez.cl\/web\/sag-celebra-en-un-aniversario-virtual-sus-54-anos-de-existencia\/","title":{"rendered":"SAG CELEBRA EN UN ANIVERSARIO VIRTUAL SUS  54 A\u00d1OS DE EXISTENCIA"},"content":{"rendered":"\n<p>Con un potente mensaje entregado en terreno, la m\u00e1xima autoridad de la instituci\u00f3n hizo un reconocimiento a quienes componen este Servicio y que no se han detenido en sus labores pese a las dificultades impuestas por la pandemia. Junto a ello, hizo un recorrido por diversos logros alcanzados durante los \u00faltimos meses. \u201cEl trabajo que el SAG realiza por la protecci\u00f3n de la sanidad animal y vegetal de nuestro patrimonio natural nos llena de un orgullo profundo, pero tambi\u00e9n nos compromete, nos reta a seguir siendo un aporte concreto y real para Chile y su gente, en especial para quienes han tenido menos oportunidades y se encuentran ajenos a la tecnolog\u00eda, dispersos y muchas veces solos en los rincones m\u00e1s lejanos de nuestro territorio\u201d, se\u00f1al\u00f3 Horacio B\u00f3rquez, dando cuenta de los programas que ha establecido el SAG para acercarse a los agricultores y agricultoras m\u00e1s peque\u00f1os. \u201cEste esfuerzo ha sido muy bien valorado por quienes nos requieren en terreno, resolviendo dudas y haciendo carne lo que implica ser funcionario p\u00fablico\u201d, agreg\u00f3.<\/p>\n\n\n\n<p>En el marco de la modernizaci\u00f3n del Servicio Agr\u00edcola y Ganadero, su m\u00e1xima autoridad indic\u00f3 que \u201chemos impulsado con fuerza la digitalizaci\u00f3n de casi 50 tr\u00e1mites para ofrecerle una experiencia m\u00e1s satisfactoria a nuestros usuarios y usuarias. S\u00f3lo por nombrar algunos, logramos implementar la Declaraci\u00f3n Jurada Digital en el aeropuerto de Santiago y esperamos extender su alcance; se cre\u00f3 el SIPEC m\u00f3vil para que nuestros agricultores aun cuando no tengan internet, puedan gestionar la trazabilidad de sus animales\u201d.<\/p>\n\n\n\n<p>Junto con recibir el saludo de la Ministra de Agricultura Mar\u00eda Emilia Undurraga y del Subsecretario de Agricultura, Jos\u00e9 Ignacio Pinochet, diversos representantes de gremios ligados al rubro semillero, frut\u00edcola y pecuario agradecieron el compromiso y profesionalismo demostrado por los funcionarios del SAG en los diversos frentes en los que se desenvuelven.&nbsp;<\/p>\n\n\n\n<p>Horacio B\u00f3rquez cerr\u00f3 la ceremonia de aniversario del SAG con un emotivo llamado a seguir enfrentando juntos los desaf\u00edos que permitir\u00e1n alcanzar un mayor desarrollo al mundo rural: \u201cLos invito a reflexionar buscando el sentido profundo de esta historia que nos ha tocado escribir. A la distancia los abrazo, alimentando la esperanza de retomar nuestras actividades con mayores certezas y menos temor; con una vida diaria amable y un futuro m\u00e1s prometedor para todos los chilenos y chilenas. Miremos el gran equipo que formamos:&nbsp; que esa uni\u00f3n que se siente en el Servicio Agr\u00edcola y Ganadero nos siga dando fuerza y valent\u00eda para continuar -por mucho tiempo m\u00e1s- ofreciendo lo mejor de nosotros mismos a Chile y su gente\u201d.<\/p>\n","protected":false},"excerpt":{"rendered":"<p>Con un potente mensaje entregado en terreno, la m\u00e1xima autoridad de la instituci\u00f3n hizo un reconocimiento a quienes componen este Servicio y que no se han detenido en sus labores&#8230; <a class=\"read-more\" href=\"https:\/\/www.radiopresidenteibanez.cl\/web\/sag-celebra-en-un-aniversario-virtual-sus-54-anos-de-existencia\/\">Leer m\u00e1s<\/a><\/p>\n","protected":false},"author":2,"featured_media":22693,"comment_status":"closed","ping_status":"closed","sticky":false,"template":"","format":"standard","meta":{"footnotes":""},"categories":[1],"tags":[],"class_list":["post-22692","post","type-post","status-publish","format-standard","has-post-thumbnail","hentry","category-cronica"],"_links":{"self":[{"href":"https:\/\/www.radiopresidenteibanez.cl\/web\/wp-json\/wp\/v2\/posts\/22692","targetHints":{"allow":["GET"]}}],"collection":[{"href":"https:\/\/www.radiopresidenteibanez.cl\/web\/wp-json\/wp\/v2\/posts"}],"about":[{"href":"https:\/\/www.radiopresidenteibanez.cl\/web\/wp-json\/wp\/v2\/types\/post"}],"author":[{"embeddable":true,"href":"https:\/\/www.radiopresidenteibanez.cl\/web\/wp-json\/wp\/v2\/users\/2"}],"replies":[{"embeddable":true,"href":"https:\/\/www.radiopresidenteibanez.cl\/web\/wp-json\/wp\/v2\/comments?post=22692"}],"version-history":[{"count":0,"href":"https:\/\/www.radiopresidenteibanez.cl\/web\/wp-json\/wp\/v2\/posts\/22692\/revisions"}],"wp:featuredmedia":[{"embeddable":true,"href":"https:\/\/www.radiopresidenteibanez.cl\/web\/wp-json\/wp\/v2\/media\/22693"}],"wp:attachment":[{"href":"https:\/\/www.radiopresidenteibanez.cl\/web\/wp-json\/wp\/v2\/media?parent=22692"}],"wp:term":[{"taxonomy":"category","embeddable":true,"href":"https:\/\/www.radiopresidenteibanez.cl\/web\/wp-json\/wp\/v2\/categories?post=22692"},{"taxonomy":"post_tag","embeddable":true,"href":"https:\/\/www.radiopresidenteibanez.cl\/web\/wp-json\/wp\/v2\/tags?post=22692"}],"curies":[{"name":"wp","href":"https:\/\/api.w.org\/{rel}","templated":true}]}}