{"id":2268,"date":"2019-03-15T00:04:27","date_gmt":"2019-03-15T00:04:27","guid":{"rendered":"http:\/\/www.radiopresidenteibanez.cl\/web\/?p=2268"},"modified":"2019-03-15T00:05:00","modified_gmt":"2019-03-15T00:05:00","slug":"punta-arenas-se-suma-contra-el-ciber-acoso-escolar","status":"publish","type":"post","link":"https:\/\/www.radiopresidenteibanez.cl\/web\/punta-arenas-se-suma-contra-el-ciber-acoso-escolar\/","title":{"rendered":"PUNTA ARENAS SE SUMA CONTRA EL CIBER ACOSO ESCOLAR"},"content":{"rendered":"\n<p>Durante esta jornada el alcalde Claudio Radonich comparti\u00f3 junto a estudiantes de la Escuela Juan Williams en el marco del D\u00eda contra el Ciber Acoso Escolar.<\/p>\n\n\n\n<p>Asimismo, en la ceremonia efectuada en el gimnasio del lugar, se entreg\u00f3 el protocolo de acci\u00f3n frente a casos de Violencia y Bullying a los directores\/as de los distintos establecimientos pertenecientes a la educaci\u00f3n municipal.<\/p>\n\n\n\n<p>\u00abEs importante tomar conciencia de las nuevas tecnolog\u00edas y el uso que le dan nuestros ni\u00f1os y j\u00f3venes, ya que est\u00e1n constantemente expuestos a riesgos que muchas veces desconocen, raz\u00f3n por la cual debemos estar mucho m\u00e1s alertas\u00bb, explic\u00f3 Radonich.<\/p>\n\n\n\n<p>De igual forma, el Alcalde agreg\u00f3 que \u00abtenemos una ardua tarea, y no solo nosotros como parte del sistema p\u00fablico escolar, sino que tambi\u00e9n los pap\u00e1s, familiares, amigos y la comunidad educativa en general, ya que es la \u00fanica manera de poder detectar las se\u00f1ales y frenarlas cuanto antes, porque as\u00ed lograremos de la misma manera, ir erradicando estas conductas que no ayudan en nada al crecimiento de nuestros alumnos\u00bb.<\/p>\n","protected":false},"excerpt":{"rendered":"<p>Durante esta jornada el alcalde Claudio Radonich comparti\u00f3 junto a estudiantes de la Escuela Juan Williams en el marco del D\u00eda contra el Ciber Acoso Escolar. Asimismo, en la ceremonia&#8230; <a class=\"read-more\" href=\"https:\/\/www.radiopresidenteibanez.cl\/web\/punta-arenas-se-suma-contra-el-ciber-acoso-escolar\/\">Leer m\u00e1s<\/a><\/p>\n","protected":false},"author":2,"featured_media":2269,"comment_status":"closed","ping_status":"closed","sticky":false,"template":"","format":"standard","meta":{"footnotes":""},"categories":[1],"tags":[],"class_list":["post-2268","post","type-post","status-publish","format-standard","has-post-thumbnail","hentry","category-cronica"],"_links":{"self":[{"href":"https:\/\/www.radiopresidenteibanez.cl\/web\/wp-json\/wp\/v2\/posts\/2268","targetHints":{"allow":["GET"]}}],"collection":[{"href":"https:\/\/www.radiopresidenteibanez.cl\/web\/wp-json\/wp\/v2\/posts"}],"about":[{"href":"https:\/\/www.radiopresidenteibanez.cl\/web\/wp-json\/wp\/v2\/types\/post"}],"author":[{"embeddable":true,"href":"https:\/\/www.radiopresidenteibanez.cl\/web\/wp-json\/wp\/v2\/users\/2"}],"replies":[{"embeddable":true,"href":"https:\/\/www.radiopresidenteibanez.cl\/web\/wp-json\/wp\/v2\/comments?post=2268"}],"version-history":[{"count":0,"href":"https:\/\/www.radiopresidenteibanez.cl\/web\/wp-json\/wp\/v2\/posts\/2268\/revisions"}],"wp:featuredmedia":[{"embeddable":true,"href":"https:\/\/www.radiopresidenteibanez.cl\/web\/wp-json\/wp\/v2\/media\/2269"}],"wp:attachment":[{"href":"https:\/\/www.radiopresidenteibanez.cl\/web\/wp-json\/wp\/v2\/media?parent=2268"}],"wp:term":[{"taxonomy":"category","embeddable":true,"href":"https:\/\/www.radiopresidenteibanez.cl\/web\/wp-json\/wp\/v2\/categories?post=2268"},{"taxonomy":"post_tag","embeddable":true,"href":"https:\/\/www.radiopresidenteibanez.cl\/web\/wp-json\/wp\/v2\/tags?post=2268"}],"curies":[{"name":"wp","href":"https:\/\/api.w.org\/{rel}","templated":true}]}}