{"id":22653,"date":"2021-07-29T09:05:00","date_gmt":"2021-07-29T12:05:00","guid":{"rendered":"https:\/\/www.radiopresidenteibanez.cl\/web\/?p=22653"},"modified":"2021-07-29T08:38:00","modified_gmt":"2021-07-29T11:38:00","slug":"fiscalia-expuso-sobre-trata-de-personas-y-tipos-penales-asociados-al-fenomeno-migratorio","status":"publish","type":"post","link":"https:\/\/www.radiopresidenteibanez.cl\/web\/fiscalia-expuso-sobre-trata-de-personas-y-tipos-penales-asociados-al-fenomeno-migratorio\/","title":{"rendered":"FISCALIA EXPUSO SOBRE TRATA DE PERSONAS Y TIPOS PENALES ASOCIADOS AL FENOMENO MIGRATORIO"},"content":{"rendered":"\n<p>Conversar respecto de la trata de personas, la servidumbre, el trabajo forzado, en el contexto\ninternacional, nacional y regional&nbsp; en\nque se desarrollan estos fen\u00f3menos sociales, como tambi\u00e9n orientar en la\ndetecci\u00f3n de estos il\u00edcitos, especialmente a funcionarios de la Inspecci\u00f3n del\nTrabajo, fue el objetivo de la reuni\u00f3n organizada, hoy, en el marco de la Mesa\nRegional contra la trata de personas, en la cual particip\u00f3 como expositora la Asesora Jur\u00eddica de la Fiscal\u00eda de Magallanes y\nde la Ant\u00e1rtica Chilena, Lorena Pereira Saavedra.<\/p>\n\n\n\n<p>El encuentro, que\nayud\u00f3 a la &nbsp;coordinaci\u00f3n como tambi\u00e9n a disipar\ndudas y entregar\nherramientas para la pesquisa y primera respuesta en estas tem\u00e1ticas, se &nbsp;efectu\u00f3 v\u00eda\ntelem\u00e1tica, y reuni\u00f3 a diversos funcionarios p\u00fablicos.<\/p>\n","protected":false},"excerpt":{"rendered":"<p>Conversar respecto de la trata de personas, la servidumbre, el trabajo forzado, en el contexto internacional, nacional y regional&nbsp; en que se desarrollan estos fen\u00f3menos sociales, como tambi\u00e9n orientar en&#8230; <a class=\"read-more\" href=\"https:\/\/www.radiopresidenteibanez.cl\/web\/fiscalia-expuso-sobre-trata-de-personas-y-tipos-penales-asociados-al-fenomeno-migratorio\/\">Leer m\u00e1s<\/a><\/p>\n","protected":false},"author":2,"featured_media":22654,"comment_status":"closed","ping_status":"closed","sticky":false,"template":"","format":"standard","meta":{"footnotes":""},"categories":[1],"tags":[],"class_list":["post-22653","post","type-post","status-publish","format-standard","has-post-thumbnail","hentry","category-cronica"],"_links":{"self":[{"href":"https:\/\/www.radiopresidenteibanez.cl\/web\/wp-json\/wp\/v2\/posts\/22653","targetHints":{"allow":["GET"]}}],"collection":[{"href":"https:\/\/www.radiopresidenteibanez.cl\/web\/wp-json\/wp\/v2\/posts"}],"about":[{"href":"https:\/\/www.radiopresidenteibanez.cl\/web\/wp-json\/wp\/v2\/types\/post"}],"author":[{"embeddable":true,"href":"https:\/\/www.radiopresidenteibanez.cl\/web\/wp-json\/wp\/v2\/users\/2"}],"replies":[{"embeddable":true,"href":"https:\/\/www.radiopresidenteibanez.cl\/web\/wp-json\/wp\/v2\/comments?post=22653"}],"version-history":[{"count":0,"href":"https:\/\/www.radiopresidenteibanez.cl\/web\/wp-json\/wp\/v2\/posts\/22653\/revisions"}],"wp:featuredmedia":[{"embeddable":true,"href":"https:\/\/www.radiopresidenteibanez.cl\/web\/wp-json\/wp\/v2\/media\/22654"}],"wp:attachment":[{"href":"https:\/\/www.radiopresidenteibanez.cl\/web\/wp-json\/wp\/v2\/media?parent=22653"}],"wp:term":[{"taxonomy":"category","embeddable":true,"href":"https:\/\/www.radiopresidenteibanez.cl\/web\/wp-json\/wp\/v2\/categories?post=22653"},{"taxonomy":"post_tag","embeddable":true,"href":"https:\/\/www.radiopresidenteibanez.cl\/web\/wp-json\/wp\/v2\/tags?post=22653"}],"curies":[{"name":"wp","href":"https:\/\/api.w.org\/{rel}","templated":true}]}}