{"id":2257,"date":"2019-03-14T15:57:43","date_gmt":"2019-03-14T15:57:43","guid":{"rendered":"http:\/\/www.radiopresidenteibanez.cl\/web\/?p=2257"},"modified":"2019-03-14T15:57:52","modified_gmt":"2019-03-14T15:57:52","slug":"seremi-de-obras-publicas-pablo-rendoll-explico-los-trabajos-de-mejoramiento-integral-del-rio-de-las-minas","status":"publish","type":"post","link":"https:\/\/www.radiopresidenteibanez.cl\/web\/seremi-de-obras-publicas-pablo-rendoll-explico-los-trabajos-de-mejoramiento-integral-del-rio-de-las-minas\/","title":{"rendered":"SEREMI DE OBRAS P\u00daBLICAS PABLO RENDOLL EXPLIC\u00d3 LOS TRABAJOS DE MEJORAMIENTO INTEGRAL DEL R\u00cdO DE LAS MINAS"},"content":{"rendered":"\n<p>En el programa \u201cQue Tarde, Esta Tarde\u201d junto al Seremi de\nObras P\u00fablicas, Pablo Rendoll, recordamos lo sucedido el 12 de marzo del a\u00f1o\n2012, cuando el R\u00edo de las Minas se desborda afectando a gran cantidad de\npersonas en la ciudad capital de Magallanes, dicho siniestro conllev\u00f3 a tener que\nrealizar diferentes trabajos de cerro a playa en el R\u00edo de las Minas, as\u00ed\ntambi\u00e9n los cambios de varios puentes en Punta Arenas.<\/p>\n\n\n\n<p>A lo anterior tambi\u00e9n coment\u00f3 que el puente de calle Chilo\u00e9 tiene un avance de un 40% y de no tener inconvenientes por temas clim\u00e1ticos en invierno, la obra deber\u00eda ser entregada en el mes de octubre.<\/p>\n\n\n\n<figure class=\"wp-block-image\"><img loading=\"lazy\" decoding=\"async\" width=\"1010\" height=\"758\" src=\"https:\/\/www.radiopresidenteibanez.cl\/web\/wp-content\/uploads\/2019\/03\/IMG_20190314_125355.jpg\" alt=\"\" class=\"wp-image-2258\" srcset=\"https:\/\/www.radiopresidenteibanez.cl\/web\/wp-content\/uploads\/2019\/03\/IMG_20190314_125355.jpg 1010w, https:\/\/www.radiopresidenteibanez.cl\/web\/wp-content\/uploads\/2019\/03\/IMG_20190314_125355-300x225.jpg 300w, https:\/\/www.radiopresidenteibanez.cl\/web\/wp-content\/uploads\/2019\/03\/IMG_20190314_125355-768x576.jpg 768w\" sizes=\"auto, (max-width: 1010px) 100vw, 1010px\" \/><\/figure>\n","protected":false},"excerpt":{"rendered":"<p>En el programa \u201cQue Tarde, Esta Tarde\u201d junto al Seremi de Obras P\u00fablicas, Pablo Rendoll, recordamos lo sucedido el 12 de marzo del a\u00f1o 2012, cuando el R\u00edo de las&#8230; <a class=\"read-more\" href=\"https:\/\/www.radiopresidenteibanez.cl\/web\/seremi-de-obras-publicas-pablo-rendoll-explico-los-trabajos-de-mejoramiento-integral-del-rio-de-las-minas\/\">Leer m\u00e1s<\/a><\/p>\n","protected":false},"author":2,"featured_media":2258,"comment_status":"closed","ping_status":"closed","sticky":false,"template":"","format":"standard","meta":{"footnotes":""},"categories":[1],"tags":[],"class_list":["post-2257","post","type-post","status-publish","format-standard","has-post-thumbnail","hentry","category-cronica"],"_links":{"self":[{"href":"https:\/\/www.radiopresidenteibanez.cl\/web\/wp-json\/wp\/v2\/posts\/2257","targetHints":{"allow":["GET"]}}],"collection":[{"href":"https:\/\/www.radiopresidenteibanez.cl\/web\/wp-json\/wp\/v2\/posts"}],"about":[{"href":"https:\/\/www.radiopresidenteibanez.cl\/web\/wp-json\/wp\/v2\/types\/post"}],"author":[{"embeddable":true,"href":"https:\/\/www.radiopresidenteibanez.cl\/web\/wp-json\/wp\/v2\/users\/2"}],"replies":[{"embeddable":true,"href":"https:\/\/www.radiopresidenteibanez.cl\/web\/wp-json\/wp\/v2\/comments?post=2257"}],"version-history":[{"count":0,"href":"https:\/\/www.radiopresidenteibanez.cl\/web\/wp-json\/wp\/v2\/posts\/2257\/revisions"}],"wp:featuredmedia":[{"embeddable":true,"href":"https:\/\/www.radiopresidenteibanez.cl\/web\/wp-json\/wp\/v2\/media\/2258"}],"wp:attachment":[{"href":"https:\/\/www.radiopresidenteibanez.cl\/web\/wp-json\/wp\/v2\/media?parent=2257"}],"wp:term":[{"taxonomy":"category","embeddable":true,"href":"https:\/\/www.radiopresidenteibanez.cl\/web\/wp-json\/wp\/v2\/categories?post=2257"},{"taxonomy":"post_tag","embeddable":true,"href":"https:\/\/www.radiopresidenteibanez.cl\/web\/wp-json\/wp\/v2\/tags?post=2257"}],"curies":[{"name":"wp","href":"https:\/\/api.w.org\/{rel}","templated":true}]}}