{"id":2254,"date":"2019-03-14T15:28:13","date_gmt":"2019-03-14T15:28:13","guid":{"rendered":"http:\/\/www.radiopresidenteibanez.cl\/web\/?p=2254"},"modified":"2019-03-14T15:28:46","modified_gmt":"2019-03-14T15:28:46","slug":"subsecretario-de-energia-en-magallanes-el-gas-no-subira-su-precio","status":"publish","type":"post","link":"https:\/\/www.radiopresidenteibanez.cl\/web\/subsecretario-de-energia-en-magallanes-el-gas-no-subira-su-precio\/","title":{"rendered":"SUBSECRETARIO DE ENERG\u00cdA EN MAGALLANES \u201cEL GAS NO SUBIR\u00c1 SU PRECIO\u201d"},"content":{"rendered":"\n<p>En su por Magallanes, el Subsecretario de Energ\u00eda, Ricardo Irarr\u00e1zabal, manifest\u00f3 luego de una reuni\u00f3n en dependencias de la Intendencia Regional, explic\u00f3 que el suministro de gas no subir\u00e1 para la comunidad.<\/p>\n\n\n\n<figure class=\"wp-block-image\"><img loading=\"lazy\" decoding=\"async\" width=\"890\" height=\"600\" src=\"https:\/\/www.radiopresidenteibanez.cl\/web\/wp-content\/uploads\/2019\/03\/IMG_20190314_122435.jpg\" alt=\"\" class=\"wp-image-2255\" srcset=\"https:\/\/www.radiopresidenteibanez.cl\/web\/wp-content\/uploads\/2019\/03\/IMG_20190314_122435.jpg 890w, https:\/\/www.radiopresidenteibanez.cl\/web\/wp-content\/uploads\/2019\/03\/IMG_20190314_122435-300x202.jpg 300w, https:\/\/www.radiopresidenteibanez.cl\/web\/wp-content\/uploads\/2019\/03\/IMG_20190314_122435-768x518.jpg 768w\" sizes=\"auto, (max-width: 890px) 100vw, 890px\" \/><\/figure>\n","protected":false},"excerpt":{"rendered":"<p>En su por Magallanes, el Subsecretario de Energ\u00eda, Ricardo Irarr\u00e1zabal, manifest\u00f3 luego de una reuni\u00f3n en dependencias de la Intendencia Regional, explic\u00f3 que el suministro de gas no subir\u00e1 para&#8230; <a class=\"read-more\" href=\"https:\/\/www.radiopresidenteibanez.cl\/web\/subsecretario-de-energia-en-magallanes-el-gas-no-subira-su-precio\/\">Leer m\u00e1s<\/a><\/p>\n","protected":false},"author":2,"featured_media":2255,"comment_status":"closed","ping_status":"closed","sticky":false,"template":"","format":"standard","meta":{"footnotes":""},"categories":[1],"tags":[],"class_list":["post-2254","post","type-post","status-publish","format-standard","has-post-thumbnail","hentry","category-cronica"],"_links":{"self":[{"href":"https:\/\/www.radiopresidenteibanez.cl\/web\/wp-json\/wp\/v2\/posts\/2254","targetHints":{"allow":["GET"]}}],"collection":[{"href":"https:\/\/www.radiopresidenteibanez.cl\/web\/wp-json\/wp\/v2\/posts"}],"about":[{"href":"https:\/\/www.radiopresidenteibanez.cl\/web\/wp-json\/wp\/v2\/types\/post"}],"author":[{"embeddable":true,"href":"https:\/\/www.radiopresidenteibanez.cl\/web\/wp-json\/wp\/v2\/users\/2"}],"replies":[{"embeddable":true,"href":"https:\/\/www.radiopresidenteibanez.cl\/web\/wp-json\/wp\/v2\/comments?post=2254"}],"version-history":[{"count":0,"href":"https:\/\/www.radiopresidenteibanez.cl\/web\/wp-json\/wp\/v2\/posts\/2254\/revisions"}],"wp:featuredmedia":[{"embeddable":true,"href":"https:\/\/www.radiopresidenteibanez.cl\/web\/wp-json\/wp\/v2\/media\/2255"}],"wp:attachment":[{"href":"https:\/\/www.radiopresidenteibanez.cl\/web\/wp-json\/wp\/v2\/media?parent=2254"}],"wp:term":[{"taxonomy":"category","embeddable":true,"href":"https:\/\/www.radiopresidenteibanez.cl\/web\/wp-json\/wp\/v2\/categories?post=2254"},{"taxonomy":"post_tag","embeddable":true,"href":"https:\/\/www.radiopresidenteibanez.cl\/web\/wp-json\/wp\/v2\/tags?post=2254"}],"curies":[{"name":"wp","href":"https:\/\/api.w.org\/{rel}","templated":true}]}}