{"id":22530,"date":"2021-07-23T17:19:00","date_gmt":"2021-07-23T20:19:00","guid":{"rendered":"https:\/\/www.radiopresidenteibanez.cl\/web\/?p=22530"},"modified":"2021-07-23T12:21:03","modified_gmt":"2021-07-23T15:21:03","slug":"seremi-de-salud-refuerza-con-equipo-humano-los-puntos-de-ingreso-a-magallanes","status":"publish","type":"post","link":"https:\/\/www.radiopresidenteibanez.cl\/web\/seremi-de-salud-refuerza-con-equipo-humano-los-puntos-de-ingreso-a-magallanes\/","title":{"rendered":"SEREMI DE SALUD REFUERZA CON EQUIPO HUMANO LOS PUNTOS DE INGRESO A MAGALLANES"},"content":{"rendered":"\n<p>El Seremi de Salud (s) Eduardo\nCastillo destac\u00f3 la labor del equipo humano que se desempe\u00f1a en las barreras\nsanitarias a lo largo de Magallanes.<\/p>\n\n\n\n<p>Este recurso se reorienta a reforzar\nlos puntos de entrada a la regi\u00f3n dejando atr\u00e1s los controles sanitarios en los\npasos interprovinciales que, por m\u00e1s de un a\u00f1o y medio, fueron claves en la\nfiscalizaci\u00f3n de desplazamiento en pos de garantizar el cumplimiento de los\nprotocolos sanitarios entre las comunas de Magallanes. Esta labor se pudo\nrealizar gracias al apoyo del Ej\u00e9rcito, Carabineros, Fach y Armada. <\/p>\n\n\n\n<p>\u201cLa estrategia de barreras\nsanitarias fue una de las herramientas que buscaba evitar el contagio en las\ncomunas por el tr\u00e1nsito de casos positivos asintom\u00e1ticos de Covid-19. Decimos la palabra fue, porque debido a la\nactual situaci\u00f3n epidemiol\u00f3gica favorable que mantenemos como regi\u00f3n, con un\ndescenso de un 64,8% en los casos a 14 d\u00edas de acuerdo a lo informado por\nMinsal, y al estar pr\u00e1cticamente todas las comunas de Magallanes en Fase 4,\nestos fueron suspendidos para fortalecer los puntos de ingreso a la regi\u00f3n\ndesde nuestro propio pa\u00eds como desde el extranjero\u201d, explic\u00f3 la autoridad de\nsalud.<\/p>\n\n\n\n<p>La Autoridad sanitaria agreg\u00f3 que son\nquince los profesionales redestinados a nuevos accesos debido a que \u201choy\nnuestra preocupaci\u00f3n es evitar la llegada de contagios de otras regiones del\npa\u00eds y de nuevas variantes\u201d. <\/p>\n\n\n\n<p>Esta labor se desarroll\u00f3\nprincipalmente en el cord\u00f3n sanitario de Kon Aiken a la salida de Punta Arenas,\nal ingreso de \u00daltima Esperanza en Casas Viejas, en el terminal Tres Puentes con\nla barcaza que se trasladaba a Porvenir o a Puerto Williams, en Primera\nAngostura en el Cruce de Punta Delgada y en la salida de los buses. \u201cExtensas\njornadas, muchas veces con condiciones clim\u00e1ticas muy adversas, lluvia, viento\ny nieve, posibilitaron controlar el acceso de una provincia a otra resguardando\nla salud de las respectivas comunas\u201d, indic\u00f3. <\/p>\n\n\n\n<p>Las barreras sanitarias son\nfundamentales a la hora de contener la diseminaci\u00f3n viral ya que permiten\nrealizar los controles y&nbsp; solicitar la\ndocumentaci\u00f3n respectiva de acuerdo al Plan Paso a Paso. Esto no afecta la\nentrada y salida de carga ni de los transportistas, para continuar garantizando\nel abastecimiento del pa\u00eds. <\/p>\n\n\n\n<p>Hasta\nel 21 julio en el otrora paso de Kon Aiken se realizaron de 698.524 controles,\nen Casas Viejas estos fueron 185.572, mientras que en Tres Puentes las\nfiscalizaciones alcanzaron la cifra de 33.134.<\/p>\n\n\n\n<p><strong>Refuerzo\nen puntos de entrada <\/strong><\/p>\n\n\n\n<p>El\nSeremi (S) Castillo agreg\u00f3 que en esta nueva etapa de la pandemia, &nbsp;se han reforzado los puntos de ingreso a la\nregi\u00f3n, la toma de PCR aleatorio en el Aeropuerto Carlos Ib\u00e1\u00f1ez, el cual ya\ncumpli\u00f3 una semana en funcionamiento. Esto, como complemento a la exigencia\npara el ingreso a Magallanes de PCR negativo de 72 horas o test de ant\u00edgeno de\n48 horas.<\/p>\n\n\n\n<p>Entre\nel 12 al 21 de julio se han realizado en este terminal 577 PCR preventivas,\nsiendo todas negativas. \u201cEsto es, sin duda, una forma de asegurarnos que los\nviajeros que retornan a la regi\u00f3n no se encuentran cursando un cuadro de\nCovid-19 para tranquilidad y seguridad de quien ingresa a la zona y de su\nentorno familiar, laboral y amistades. As\u00ed podremos mantener a raya a este\nvirus\u201d, finaliz\u00f3. <\/p>\n","protected":false},"excerpt":{"rendered":"<p>El Seremi de Salud (s) Eduardo Castillo destac\u00f3 la labor del equipo humano que se desempe\u00f1a en las barreras sanitarias a lo largo de Magallanes. Este recurso se reorienta a&#8230; <a class=\"read-more\" href=\"https:\/\/www.radiopresidenteibanez.cl\/web\/seremi-de-salud-refuerza-con-equipo-humano-los-puntos-de-ingreso-a-magallanes\/\">Leer m\u00e1s<\/a><\/p>\n","protected":false},"author":2,"featured_media":22531,"comment_status":"closed","ping_status":"closed","sticky":false,"template":"","format":"standard","meta":{"footnotes":""},"categories":[1],"tags":[],"class_list":["post-22530","post","type-post","status-publish","format-standard","has-post-thumbnail","hentry","category-cronica"],"_links":{"self":[{"href":"https:\/\/www.radiopresidenteibanez.cl\/web\/wp-json\/wp\/v2\/posts\/22530","targetHints":{"allow":["GET"]}}],"collection":[{"href":"https:\/\/www.radiopresidenteibanez.cl\/web\/wp-json\/wp\/v2\/posts"}],"about":[{"href":"https:\/\/www.radiopresidenteibanez.cl\/web\/wp-json\/wp\/v2\/types\/post"}],"author":[{"embeddable":true,"href":"https:\/\/www.radiopresidenteibanez.cl\/web\/wp-json\/wp\/v2\/users\/2"}],"replies":[{"embeddable":true,"href":"https:\/\/www.radiopresidenteibanez.cl\/web\/wp-json\/wp\/v2\/comments?post=22530"}],"version-history":[{"count":0,"href":"https:\/\/www.radiopresidenteibanez.cl\/web\/wp-json\/wp\/v2\/posts\/22530\/revisions"}],"wp:featuredmedia":[{"embeddable":true,"href":"https:\/\/www.radiopresidenteibanez.cl\/web\/wp-json\/wp\/v2\/media\/22531"}],"wp:attachment":[{"href":"https:\/\/www.radiopresidenteibanez.cl\/web\/wp-json\/wp\/v2\/media?parent=22530"}],"wp:term":[{"taxonomy":"category","embeddable":true,"href":"https:\/\/www.radiopresidenteibanez.cl\/web\/wp-json\/wp\/v2\/categories?post=22530"},{"taxonomy":"post_tag","embeddable":true,"href":"https:\/\/www.radiopresidenteibanez.cl\/web\/wp-json\/wp\/v2\/tags?post=22530"}],"curies":[{"name":"wp","href":"https:\/\/api.w.org\/{rel}","templated":true}]}}