{"id":2251,"date":"2019-03-14T15:08:41","date_gmt":"2019-03-14T15:08:41","guid":{"rendered":"http:\/\/www.radiopresidenteibanez.cl\/web\/?p=2251"},"modified":"2019-03-14T15:08:44","modified_gmt":"2019-03-14T15:08:44","slug":"comision-infraestructura-del-core-constato-en-terreno-avance-de-obras-en-cadi-umag-quinta-compania-bomberos-y-veredas-poblacion-rasmussen","status":"publish","type":"post","link":"https:\/\/www.radiopresidenteibanez.cl\/web\/comision-infraestructura-del-core-constato-en-terreno-avance-de-obras-en-cadi-umag-quinta-compania-bomberos-y-veredas-poblacion-rasmussen\/","title":{"rendered":"COMISI\u00d3N INFRAESTRUCTURA DEL CORE CONSTAT\u00d3 EN TERRENO AVANCE DE OBRAS EN CADI- UMAG, QUINTA COMPA\u00d1\u00cdA BOMBEROS Y VEREDAS POBLACI\u00d3N RASMUSSEN"},"content":{"rendered":"\n<p>Este\nmi\u00e9rcoles la comisi\u00f3n Infraestructura del Consejo Regional se constituy\u00f3 en\nterreno a fin de fiscalizar junto a profesionales de las Unidades T\u00e9cnicas\nencargadas los proyectos \u201cConstrucci\u00f3n Centro Asistencial Docente e\nInvestigaci\u00f3n CADI UMAG\u201d, \u201cAmpliaci\u00f3n y Remodelaci\u00f3n Quinta compa\u00f1\u00eda de\nBomberos\u201d y \u201cReposici\u00f3n Veredas Poblaci\u00f3n Cecil Rasmussen\u201d, proyectos\nfinanciados a trav\u00e9s de los recursos regionales FNDR en Punta Arenas.<\/p>\n\n\n\n<p>Participaron\nen la actividad junto al presidente de la comisi\u00f3n, Antonio R\u00edspoli, los consejeros\nAntonio Bradasic, Manuel Lonc\u00f3n y Tolentino Soto, el director del departamento\nde Arquitectura, Patricio Hormazabal, los profesionales del servicio de Salud\nMagallanes, Julio Fern\u00e1ndez y Hector Cabrera, la profesional de Obras P\u00fablicas,\nCarolina D\u00edaz y desde el Departamento de Obras Municipales Punta Arenas, Alex\nSaldivia y Marisol Fernandez.<\/p>\n\n\n\n<p>Seg\u00fan\ncoment\u00f3 el presidente de Infraestructura, Antonio R\u00edspoli, se trata de\nimportante proyectos aprobados por el CORE, en especial el edificio CADI UMAG\nubicado en el sector del hospital&nbsp; \u201cuna\nobra espectacular que estar\u00e1 al servicio de la ciencia y la investigaci\u00f3n\u201d,\ndijo. <\/p>\n\n\n\n<p>\u201cPosteriormente\nvisitamos la Quinta Compa\u00f1\u00eda de Bomberos que est\u00e1 en ejecuci\u00f3n y constatamos un\n70% de avance, este edificio otorgar\u00e1 comodidad a los bomberos que contar\u00e1n con\nun cuartel en \u00f3ptimas condiciones en el centro de la ciudad, la fecha de t\u00e9rmino\nestaba estipulada para mayo pero seg\u00fan nos explicaron los profesionales se\ndeber\u00e1 ampliar el plazo ya que la vigas de fierro demoraron en llegar. En\ncuanto a las nuevas veredas de la poblaci\u00f3n Rasmussen se est\u00e1n llevando\nadelante con algunas dificultades debido a las inclemencias propias de nuestro\nclima\u201d, puntualiz\u00f3. <\/p>\n\n\n\n<p>Asimismo\nel consejero, Tolentino Soto, valor\u00f3 el trabajo en terreno ya que otorga la\nposibilidad de ver c\u00f3mo est\u00e1n trabajando las empresas y escuchar las\napreciaciones de los vecinos \u201cdestacar el trabajo efectuado por la direcci\u00f3n de\nArquitectura en relaci\u00f3n al dise\u00f1o y fiscalizaci\u00f3n de las obras\nfundamentalmente en el Centro Asistencial Docente ya que en general somos\ncr\u00edticos pero tambi\u00e9n debemos destacar lo&nbsp;\nbueno y en este caso vimos una obra de envergadura y gran calidad\u201d.<\/p>\n\n\n\n<p>Por su\nparte el consejero, Antonio Bradasic, compar\u00f3 la inversi\u00f3n efectuada en el Centro\nAsistencial Docente de investigaci\u00f3n CADI UMAG y los montos solicitados para el\nproyecto Centro Cultural de Puerto Natales, &nbsp;\u201cvimos siete mil metros cuadrados construidos\nque representan una inversi\u00f3n aproximada de 15.000 millones de pesos con\nimplementaci\u00f3n incluida y el valor del metro cuadrado alcanz\u00f3 los dos millones\ny si hacemos una relaci\u00f3n con el costo de cuatro millones el metro cuadrado del\nCentro Cultural de Natales creo que es muy elevado\u201d.<\/p>\n\n\n\n<p>En\ncuanto al proyecto Quinta Compa\u00f1\u00eda de Bomberos expres\u00f3 \u201cnos encontramos con la\nmisma dificultad&nbsp; que en Natales y\nPorvenir, nuevamente se compr\u00f3 un carro m\u00e1s ancho que la dimensi\u00f3n contemplada\ndel port\u00f3n entonces se debe estar atento a estos detalles ya que representan\nm\u00e1s recursos para solucionarlos\u201d.<\/p>\n\n\n\n<p>Finalmente\nBradasic coment\u00f3 \u201catendiendo a la solicitud de vecinos que nos plantearon su\npreocupaci\u00f3n por veredas que ya estar\u00edan agrietadas, nos dirigimos a la &nbsp;poblaci\u00f3n Rasmussen y hablamos con el\nencargado de obras quinen corrobor\u00f3 que 15 pa\u00f1os presentan&nbsp; fisuras y se comprometi\u00f3 a&nbsp; reparar y solucionar prontamente\u201d, concluy\u00f3.<\/p>\n","protected":false},"excerpt":{"rendered":"<p>Este mi\u00e9rcoles la comisi\u00f3n Infraestructura del Consejo Regional se constituy\u00f3 en terreno a fin de fiscalizar junto a profesionales de las Unidades T\u00e9cnicas encargadas los proyectos \u201cConstrucci\u00f3n Centro Asistencial Docente&#8230; <a class=\"read-more\" href=\"https:\/\/www.radiopresidenteibanez.cl\/web\/comision-infraestructura-del-core-constato-en-terreno-avance-de-obras-en-cadi-umag-quinta-compania-bomberos-y-veredas-poblacion-rasmussen\/\">Leer m\u00e1s<\/a><\/p>\n","protected":false},"author":2,"featured_media":2252,"comment_status":"closed","ping_status":"closed","sticky":false,"template":"","format":"standard","meta":{"footnotes":""},"categories":[1],"tags":[],"class_list":["post-2251","post","type-post","status-publish","format-standard","has-post-thumbnail","hentry","category-cronica"],"_links":{"self":[{"href":"https:\/\/www.radiopresidenteibanez.cl\/web\/wp-json\/wp\/v2\/posts\/2251","targetHints":{"allow":["GET"]}}],"collection":[{"href":"https:\/\/www.radiopresidenteibanez.cl\/web\/wp-json\/wp\/v2\/posts"}],"about":[{"href":"https:\/\/www.radiopresidenteibanez.cl\/web\/wp-json\/wp\/v2\/types\/post"}],"author":[{"embeddable":true,"href":"https:\/\/www.radiopresidenteibanez.cl\/web\/wp-json\/wp\/v2\/users\/2"}],"replies":[{"embeddable":true,"href":"https:\/\/www.radiopresidenteibanez.cl\/web\/wp-json\/wp\/v2\/comments?post=2251"}],"version-history":[{"count":0,"href":"https:\/\/www.radiopresidenteibanez.cl\/web\/wp-json\/wp\/v2\/posts\/2251\/revisions"}],"wp:featuredmedia":[{"embeddable":true,"href":"https:\/\/www.radiopresidenteibanez.cl\/web\/wp-json\/wp\/v2\/media\/2252"}],"wp:attachment":[{"href":"https:\/\/www.radiopresidenteibanez.cl\/web\/wp-json\/wp\/v2\/media?parent=2251"}],"wp:term":[{"taxonomy":"category","embeddable":true,"href":"https:\/\/www.radiopresidenteibanez.cl\/web\/wp-json\/wp\/v2\/categories?post=2251"},{"taxonomy":"post_tag","embeddable":true,"href":"https:\/\/www.radiopresidenteibanez.cl\/web\/wp-json\/wp\/v2\/tags?post=2251"}],"curies":[{"name":"wp","href":"https:\/\/api.w.org\/{rel}","templated":true}]}}