{"id":225,"date":"2019-01-04T14:22:49","date_gmt":"2019-01-04T14:22:49","guid":{"rendered":"http:\/\/www.radiopresidenteibanez.cl\/web\/?p=225"},"modified":"2019-01-04T14:23:03","modified_gmt":"2019-01-04T14:23:03","slug":"inscripciones-abiertas-para-el-congreso-futuro-2019-en-magallanes","status":"publish","type":"post","link":"https:\/\/www.radiopresidenteibanez.cl\/web\/inscripciones-abiertas-para-el-congreso-futuro-2019-en-magallanes\/","title":{"rendered":"INSCRIPCIONES ABIERTAS PARA EL CONGRESO FUTURO 2019 EN MAGALLANES"},"content":{"rendered":"\n<p>El lunes 14 de\nenero de 2019, Punta Arenas ser\u00e1 el epicentro de uno de los festivales del\npensamiento m\u00e1s grandes de Latinam\u00e9rica: la IV versi\u00f3n del Congreso Futuro en\nMagallanes, instancia que promete deslumbrar a cientos de asistentes con\nponencias sobre la Ant\u00e1rtica, neurociencia e inteligencia artificial.<\/p>\n\n\n\n<p>Esta iniciativa se\nrealizar\u00e1 en el Teatro Municipal \u201cJos\u00e9 Bohr\u201d de Punta Arenas y tanto el acceso\nal recinto como la obtenci\u00f3n de un dispositivo de traducci\u00f3n simult\u00e1nea, ser\u00e1n\nposibles con la inscripci\u00f3n en el siguiente enlace <a href=\"http:\/\/www.congresofuturo.cl\/proximos-eventos\/cf-regiones-magallanes-2019\">AQU\u00cd<\/a>\n(<a href=\"http:\/\/www.congresofuturo.cl\">www.congresofuturo.cl<\/a>).\n<\/p>\n\n\n\n<p>La senadora\nCarolina Goic, miembro de la Comisi\u00f3n Especial Desaf\u00edos del Futuro&nbsp; del Senado, manifest\u00f3, \u201cexpresarles el gusto\nde que tengamos una nueva versi\u00f3n, una nueva versi\u00f3n del Congreso del Futuro,\nno solamente en Santiago, sino que tambi\u00e9n en 10 regiones de nuestro pa\u00eds en\neventos en paralelo, que buscan acercar la ciencia a lo cotidiano, a las\npersonas, a quienes les interesa, a quienes est\u00e1n tambi\u00e9n en el mundo de la\ninvestigaci\u00f3n, pero sobre todo lo que buscamos con esta instancia es incidir,\ncambiar nuestras conversaciones, ser capaces no de mirar al pasado para tener\nlas mismas respuestas de siempre, sino ser capaces de crear en conjunto las\nrespuestas del futuro. As\u00ed que en ese \u00e1nimo, yo los invito a todos, a todas a\nsumarse, a participar y aprovechar esta oportunidad\u201d.<\/p>\n\n\n\n<p>Por su parte, la\ndirectora regional de Sercotec Magallanes y Ant\u00e1rtica Chilena, Mar\u00eda Soledad\nSolo de Zald\u00edvar, en su rol de coordinadora del evento en la Regi\u00f3n, manifest\u00f3\nque \u201cen representaci\u00f3n del gobierno de la regi\u00f3n de Magallanes los invito a\nparticipar de la 4ta versi\u00f3n del Congreso Futuro, que se realizar\u00e1 en el Teatro\nMunicipal Jos\u00e9 Bohr de Punta Arenas. Ya est\u00e1n abiertas las inscripciones, son\ngratuitas y solo debes inscribirte a trav\u00e9s de la p\u00e1gina web <a href=\"http:\/\/www.congresofuturo.cl\">www.congresofuturo.cl<\/a>\n. Este gran evento reunir\u00e1 a destacados investigadores y cient\u00edficos de todo el\nmundo con tem\u00e1ticas de inter\u00e9s para nuestra regi\u00f3n. Este importante evento se\nrealizar\u00e1 el d\u00eda 14 de enero del 2019 a partir de las 8 de la ma\u00f1ana y se\ntransmitir\u00e1 por las plataformas digitales del Congreso Futuro. Te esperamos\u201d. <\/p>\n\n\n\n<p>El programa de la\njornada consistir\u00e1 en una acreditaci\u00f3n de los asistentes a partir de las 08.00\nhoras, donde la entrega del dispositivo de traducci\u00f3n simult\u00e1nea ser\u00e1 con\nprioridad a los inscritos, y luego por orden de llegada. Tras la inauguraci\u00f3n,\nse desarrollar\u00e1n dos paneles de exposici\u00f3n y conversaci\u00f3n.<\/p>\n\n\n\n<p>A las 09:30 horas\nse compartir\u00e1n diferentes perspectivas de <strong>\u201cAnt\u00e1rtica\ny Medioambiente\u201d<\/strong>. Expondr\u00e1n, Jane Francis (Reino Unido), Brigitte Baptiste\n(Colombia), y Cassandra Brooks (Estados Unidos), contando con la moderaci\u00f3n del\npaleobot\u00e1nico, Dr. Marcelo Leppe, director del Instituto Ant\u00e1rtico Chileno.<\/p>\n\n\n\n<p>Posteriormente,\ndesde las 11:30 horas, se abordar\u00e1n temas de <strong>\u201cNeurociencia e Inteligencia Artificial\u201d<\/strong>, contando con las\nponencias de Giovanna Mallucci (Reino Unido), Rob Knight (Nueva Zelandia) y\nThomas Malone (Estados Unidos), con la moderaci\u00f3n del neurobi\u00f3logo chileno, Dr.\nNibaldo Inestrosa, profesor de la Pontificia Universidad Cat\u00f3lica de Chile.<\/p>\n\n\n\n<p>Para quienes no\npuedan asistir de forma presencial, el evento se podr\u00e1 seguir a trav\u00e9s de la\ntransmisi\u00f3n en l\u00ednea (streaming) en el sitio <a href=\"http:\/\/www.congresofuturo.cl\">www.congresofuturo.cl<\/a>.<\/p>\n\n\n\n<p>Cabe se\u00f1alar que el\nCongreso Futuro es organizado a nivel nacional por la Comisi\u00f3n Especial\n\u201cDesaf\u00edos del Futuro\u201d del Senado de Chile y en Magallanes lo realizan junto a\nla Intendencia de Magallanes y de la Ant\u00e1rtica Chilena, la Universidad de\nMagallanes y el Instituto Ant\u00e1rtico Chileno (INACH); con el auspicio del\nGobierno Regional y la Municipalidad de Punta Arenas y la Fundaci\u00f3n Konrad\nAdenauer Stiftung; y la colaboraci\u00f3n del Servicio de Cooperaci\u00f3n T\u00e9cnica (Sercotec)\ny la Gobernaci\u00f3n de Magallanes.<\/p>\n","protected":false},"excerpt":{"rendered":"<p>El lunes 14 de enero de 2019, Punta Arenas ser\u00e1 el epicentro de uno de los festivales del pensamiento m\u00e1s grandes de Latinam\u00e9rica: la IV versi\u00f3n del Congreso Futuro en&#8230; <a class=\"read-more\" href=\"https:\/\/www.radiopresidenteibanez.cl\/web\/inscripciones-abiertas-para-el-congreso-futuro-2019-en-magallanes\/\">Leer m\u00e1s<\/a><\/p>\n","protected":false},"author":2,"featured_media":226,"comment_status":"closed","ping_status":"closed","sticky":false,"template":"","format":"standard","meta":{"footnotes":""},"categories":[1],"tags":[],"class_list":["post-225","post","type-post","status-publish","format-standard","has-post-thumbnail","hentry","category-cronica"],"_links":{"self":[{"href":"https:\/\/www.radiopresidenteibanez.cl\/web\/wp-json\/wp\/v2\/posts\/225","targetHints":{"allow":["GET"]}}],"collection":[{"href":"https:\/\/www.radiopresidenteibanez.cl\/web\/wp-json\/wp\/v2\/posts"}],"about":[{"href":"https:\/\/www.radiopresidenteibanez.cl\/web\/wp-json\/wp\/v2\/types\/post"}],"author":[{"embeddable":true,"href":"https:\/\/www.radiopresidenteibanez.cl\/web\/wp-json\/wp\/v2\/users\/2"}],"replies":[{"embeddable":true,"href":"https:\/\/www.radiopresidenteibanez.cl\/web\/wp-json\/wp\/v2\/comments?post=225"}],"version-history":[{"count":0,"href":"https:\/\/www.radiopresidenteibanez.cl\/web\/wp-json\/wp\/v2\/posts\/225\/revisions"}],"wp:featuredmedia":[{"embeddable":true,"href":"https:\/\/www.radiopresidenteibanez.cl\/web\/wp-json\/wp\/v2\/media\/226"}],"wp:attachment":[{"href":"https:\/\/www.radiopresidenteibanez.cl\/web\/wp-json\/wp\/v2\/media?parent=225"}],"wp:term":[{"taxonomy":"category","embeddable":true,"href":"https:\/\/www.radiopresidenteibanez.cl\/web\/wp-json\/wp\/v2\/categories?post=225"},{"taxonomy":"post_tag","embeddable":true,"href":"https:\/\/www.radiopresidenteibanez.cl\/web\/wp-json\/wp\/v2\/tags?post=225"}],"curies":[{"name":"wp","href":"https:\/\/api.w.org\/{rel}","templated":true}]}}