{"id":2248,"date":"2019-03-14T14:56:44","date_gmt":"2019-03-14T14:56:44","guid":{"rendered":"http:\/\/www.radiopresidenteibanez.cl\/web\/?p=2248"},"modified":"2019-03-14T14:57:03","modified_gmt":"2019-03-14T14:57:03","slug":"equipo-pace-umag-dio-la-bienvenida-a-los-estudiantes-2019","status":"publish","type":"post","link":"https:\/\/www.radiopresidenteibanez.cl\/web\/equipo-pace-umag-dio-la-bienvenida-a-los-estudiantes-2019\/","title":{"rendered":"EQUIPO PACE UMAG DIO LA BIENVENIDA A LOS ESTUDIANTES 2019"},"content":{"rendered":"\n<p>El equipo del Programa de Acompa\u00f1amiento y Acceso Efectivo a la\nEducaci\u00f3n Superior, representado por la Coordinadora Ejecutiva, Dra. Carmen Paz\nOval, dieron la bienvenida a los estudiantes pertenecientes a las tres\ngeneraciones del programa y en especial a los 20 estudiantes de la tercerea\ngeneraci\u00f3n PACE. <\/p>\n\n\n\n<p>El programa luego de su quinto a\u00f1o de implementaci\u00f3n en la regi\u00f3n\nha restituido el derecho a la Educaci\u00f3n Superior a estudiantes vulnerados, a\ntrav\u00e9s de cupos garantizados en Instituciones de Educaci\u00f3n Superior de todo el\npa\u00eds. <\/p>\n\n\n\n<p>Realizando acompa\u00f1amiento tanto acad\u00e9mico\ncomo psicosocial desde 3\u00ba medio hasta el 1er a\u00f1o de Educaci\u00f3n Superior,&nbsp;entregado\nlas herramientas necesarias para poder ingresar v\u00eda cupo PACE a la Universidad\ny luego ayud\u00e1ndolos a tener buen rendimiento, acompa\u00f1ados de profesionales de\napoyo y tutores pares que les realizan ayudant\u00edas en los ramos m\u00e1s importantes\nde sus carreras. &nbsp;<\/p>\n\n\n\n<p>En la regi\u00f3n son 7 los\nliceos pertenecientes al programa: Liceo Polivalente Mar\u00eda Behety de Men\u00e9ndez y\nLiceo Industrial Armando Quezada Achar\u00e1n en Punta Arenas; Liceo Polit\u00e9cnico\nLuis Cruz Mart\u00ednez y Liceo Gabriela Mistral en Puerto Natales; Liceo Polivalente\nHernando de Magallanes en Porvenir y Liceo Donald McIntyre Griffith en Puerto\nWilliams. &nbsp;<\/p>\n\n\n\n<p>Frente a esto la Dra. Carmen Paz Oval, sostuvo que \u201ceste proceso\nfinaliz\u00f3 con la matr\u00edcula de nuestros estudiantes en el mes de enero, contando\ncon una promoci\u00f3n de 20 estudiantes que ingresaron v\u00eda cupo PACE a la\nUniversidad de Magallanes, siendo nuestra tercera generaci\u00f3n, lo cual va\ncambiando las expectativas en funci\u00f3n de c\u00f3mo van llegando estos estudiantes. Vemos\nun compromiso en funci\u00f3n del acompa\u00f1amiento que ellos esperan obtener y ahora\nenfocados en recibirlos, entregarles informaci\u00f3n y qu\u00e9 sepan que cuentan con nuestro\napoyo\u201d.<\/p>\n\n\n\n<p>\u201cEn esta tercera generaci\u00f3n tenemos una buena evaluaci\u00f3n y estamos\ncontentos con los resultados de nuestros estudiantes. Y en las otras\ngeneraciones la gran mayor\u00eda ha seguido sus estudios y algunos ya est\u00e1n en su\ntercer a\u00f1o acad\u00e9mico, por lo que esperamos que el programa se mantenga por los\nbeneficios que entrega a los estudiantes\u201d finaliz\u00f3 la Coordinadora.&nbsp; <\/p>\n\n\n\n<p>Por\nsu parte Katya Anel, estudiante del Liceo Luis Cruz Mart\u00ednez de Puerto Natales,\nque inicia su primer a\u00f1o de psicolog\u00eda, se\u00f1al\u00f3 que \u201cel PACE signific\u00f3 mucho\npara m\u00ed, un alivio, porque no me fue bien en la PSU y fue una gran oportunidad,\npor lo que estoy muy feliz de venir a esta bienvenida\u201d. <\/p>\n\n\n\n<p>A\nsu vez Margaret Toro, del Liceo Hernando de Magallanes de Porvenir, quien\ninicia su primer a\u00f1o de enfermer\u00eda, expres\u00f3 que \u201cfue bastante incre\u00edble y una\ngran oportunidad para acceder a la Universidad, porque te ayudan mucho, adem\u00e1s para\nm\u00ed es un gran cambio y experiencia salir de mi ciudad de origen\u201d. <\/p>\n\n\n\n<p>Finaliz\u00f3\nConstanza Vivar, del Liceo Hernando de Magallanes de Porvenir, quien utiliz\u00f3 el\ncupo \u00fanico en la carrera de Medicina, dijo estar contenta y que la ayudo mucho\nel PACE a ingresar a la esta carrera, lo cual es muy dif\u00edcil y tener el \u00fanico\ncupo fue una gran oportunidad.&nbsp; <\/p>\n","protected":false},"excerpt":{"rendered":"<p>El equipo del Programa de Acompa\u00f1amiento y Acceso Efectivo a la Educaci\u00f3n Superior, representado por la Coordinadora Ejecutiva, Dra. Carmen Paz Oval, dieron la bienvenida a los estudiantes pertenecientes a&#8230; <a class=\"read-more\" href=\"https:\/\/www.radiopresidenteibanez.cl\/web\/equipo-pace-umag-dio-la-bienvenida-a-los-estudiantes-2019\/\">Leer m\u00e1s<\/a><\/p>\n","protected":false},"author":2,"featured_media":2249,"comment_status":"closed","ping_status":"closed","sticky":false,"template":"","format":"standard","meta":{"footnotes":""},"categories":[1],"tags":[],"class_list":["post-2248","post","type-post","status-publish","format-standard","has-post-thumbnail","hentry","category-cronica"],"_links":{"self":[{"href":"https:\/\/www.radiopresidenteibanez.cl\/web\/wp-json\/wp\/v2\/posts\/2248","targetHints":{"allow":["GET"]}}],"collection":[{"href":"https:\/\/www.radiopresidenteibanez.cl\/web\/wp-json\/wp\/v2\/posts"}],"about":[{"href":"https:\/\/www.radiopresidenteibanez.cl\/web\/wp-json\/wp\/v2\/types\/post"}],"author":[{"embeddable":true,"href":"https:\/\/www.radiopresidenteibanez.cl\/web\/wp-json\/wp\/v2\/users\/2"}],"replies":[{"embeddable":true,"href":"https:\/\/www.radiopresidenteibanez.cl\/web\/wp-json\/wp\/v2\/comments?post=2248"}],"version-history":[{"count":0,"href":"https:\/\/www.radiopresidenteibanez.cl\/web\/wp-json\/wp\/v2\/posts\/2248\/revisions"}],"wp:featuredmedia":[{"embeddable":true,"href":"https:\/\/www.radiopresidenteibanez.cl\/web\/wp-json\/wp\/v2\/media\/2249"}],"wp:attachment":[{"href":"https:\/\/www.radiopresidenteibanez.cl\/web\/wp-json\/wp\/v2\/media?parent=2248"}],"wp:term":[{"taxonomy":"category","embeddable":true,"href":"https:\/\/www.radiopresidenteibanez.cl\/web\/wp-json\/wp\/v2\/categories?post=2248"},{"taxonomy":"post_tag","embeddable":true,"href":"https:\/\/www.radiopresidenteibanez.cl\/web\/wp-json\/wp\/v2\/tags?post=2248"}],"curies":[{"name":"wp","href":"https:\/\/api.w.org\/{rel}","templated":true}]}}