{"id":22459,"date":"2021-07-21T16:12:22","date_gmt":"2021-07-21T19:12:22","guid":{"rendered":"https:\/\/www.radiopresidenteibanez.cl\/web\/?p=22459"},"modified":"2021-07-21T16:12:27","modified_gmt":"2021-07-21T19:12:27","slug":"mas-de-10-mil-novecientos-millones-ha-inyectado-el-bono-pyme-a-la-economia-regional","status":"publish","type":"post","link":"https:\/\/www.radiopresidenteibanez.cl\/web\/mas-de-10-mil-novecientos-millones-ha-inyectado-el-bono-pyme-a-la-economia-regional\/","title":{"rendered":"MAS DE 10 MIL NOVECIENTOS MILLONES HA INYECTADO EL BONO PYME A LA ECONOMIA REGIONAL"},"content":{"rendered":"\n<p>Hasta el 2 de agosto se puede solicitar el\n\u201cBono Pyme\u201d, beneficio que va enfocado a la reactivaci\u00f3n de las empresas de\nmenor tama\u00f1o que hayan iniciado actividades en primera categor\u00eda hasta el 31 de\nmarzo de 2020 y que sus ingresos anuales por ventas no superen las 25.000 UF\ndurante el a\u00f1o calendario 2020.<\/p>\n\n\n\n<p>Seg\u00fan el ultimo balance\nrealizado por el Servicio de Impuesto Internos, en Magallanes ya se han aprobado\n10.287 solicitudes del Bono Pyme, lo que representa una inyecci\u00f3n de $10.913.600.000\na la econom\u00eda regional. Esta inyecci\u00f3n de liquidez contribuir\u00e1\nsignificativamente al fortalecimiento de la oferta de nuestras pymes, para\nenfrentar los aumentos de demanda que se han generado a ra\u00edz de los retiros de\nfondos previsionales y los amplios apoyos del estado a las familias chilenas,\napoyando con fuerza su recuperaci\u00f3n. <\/p>\n\n\n\n<p>En este contexto, autoridades\nregionales realizaron un balance de la relevancia del monto y cobertura que ha\ntenido el beneficio en la regi\u00f3n de Magallanes. Natalia Easton, Seremi de\nEconom\u00eda, Fomento y Turismo, expres\u00f3: \u201cEstamos muy contentos con la cobertura\nque hemos logrado en Magallanes. Cerca del 90% de nuestras micro y peque\u00f1as\nempresas ya han accedido a este bono de $1 mill\u00f3n, que crece a $1 mill\u00f3n\ndoscientos mil para las mujeres. Conocemos y valoramos la importante\ncontribuci\u00f3n de nuestras pymes a la generaci\u00f3n de empleos y a la actividad\necon\u00f3mica regional, y hemos sido testigos de los fuertes impactos que esta\npandemia ha generado en sus negocios. Es por ello que, desde nuestra cartera,\nempujamos con convicci\u00f3n esta iniciativa que hoy ya es una realidad y que sin\nduda permitir\u00e1 a muchas empresas de menor tama\u00f1o de Magallanes tomar fuerza\npara ser protagonistas de la reactivaci\u00f3n de nuestra econom\u00eda local\u201d. <\/p>\n\n\n\n<p>Por su parte, Lil Garc\u00e9s,\nSeremi de Hacienda, expres\u00f3: \u201cYa son m\u00e1s de 10.900 millones que ser\u00e1n un aporte\ndirecto para los micro y peque\u00f1os empresarios de Magallanes. Estos recursos son\nel combustible para poner en marcha el motor de la econom\u00eda local y junto al\navance en el plan paso a paso, otorgar un escenario de recuperaci\u00f3n seguro y\npaulatino. Seguiremos desplegando todos los esfuerzos y medidas necesarias para\napoyar a las Mypes. En agosto comenzar\u00e1 la solicitud del bono variable que,\njunto a las medidas tributarias e incentivos como el subsidio al empleo y\nempleo nuevo, permitir\u00e1n robustecer la red de apoyo a la reactivaci\u00f3n\u201d.<\/p>\n","protected":false},"excerpt":{"rendered":"<p>Hasta el 2 de agosto se puede solicitar el \u201cBono Pyme\u201d, beneficio que va enfocado a la reactivaci\u00f3n de las empresas de menor tama\u00f1o que hayan iniciado actividades en primera&#8230; <a class=\"read-more\" href=\"https:\/\/www.radiopresidenteibanez.cl\/web\/mas-de-10-mil-novecientos-millones-ha-inyectado-el-bono-pyme-a-la-economia-regional\/\">Leer m\u00e1s<\/a><\/p>\n","protected":false},"author":2,"featured_media":22460,"comment_status":"closed","ping_status":"closed","sticky":false,"template":"","format":"standard","meta":{"footnotes":""},"categories":[1],"tags":[],"class_list":["post-22459","post","type-post","status-publish","format-standard","has-post-thumbnail","hentry","category-cronica"],"_links":{"self":[{"href":"https:\/\/www.radiopresidenteibanez.cl\/web\/wp-json\/wp\/v2\/posts\/22459","targetHints":{"allow":["GET"]}}],"collection":[{"href":"https:\/\/www.radiopresidenteibanez.cl\/web\/wp-json\/wp\/v2\/posts"}],"about":[{"href":"https:\/\/www.radiopresidenteibanez.cl\/web\/wp-json\/wp\/v2\/types\/post"}],"author":[{"embeddable":true,"href":"https:\/\/www.radiopresidenteibanez.cl\/web\/wp-json\/wp\/v2\/users\/2"}],"replies":[{"embeddable":true,"href":"https:\/\/www.radiopresidenteibanez.cl\/web\/wp-json\/wp\/v2\/comments?post=22459"}],"version-history":[{"count":0,"href":"https:\/\/www.radiopresidenteibanez.cl\/web\/wp-json\/wp\/v2\/posts\/22459\/revisions"}],"wp:featuredmedia":[{"embeddable":true,"href":"https:\/\/www.radiopresidenteibanez.cl\/web\/wp-json\/wp\/v2\/media\/22460"}],"wp:attachment":[{"href":"https:\/\/www.radiopresidenteibanez.cl\/web\/wp-json\/wp\/v2\/media?parent=22459"}],"wp:term":[{"taxonomy":"category","embeddable":true,"href":"https:\/\/www.radiopresidenteibanez.cl\/web\/wp-json\/wp\/v2\/categories?post=22459"},{"taxonomy":"post_tag","embeddable":true,"href":"https:\/\/www.radiopresidenteibanez.cl\/web\/wp-json\/wp\/v2\/tags?post=22459"}],"curies":[{"name":"wp","href":"https:\/\/api.w.org\/{rel}","templated":true}]}}