{"id":2245,"date":"2019-03-14T14:50:57","date_gmt":"2019-03-14T14:50:57","guid":{"rendered":"http:\/\/www.radiopresidenteibanez.cl\/web\/?p=2245"},"modified":"2019-03-14T14:51:35","modified_gmt":"2019-03-14T14:51:35","slug":"politica-social-y-el-secreto-de-la-felicidad-por-liz-casanueva-mendez","status":"publish","type":"post","link":"https:\/\/www.radiopresidenteibanez.cl\/web\/politica-social-y-el-secreto-de-la-felicidad-por-liz-casanueva-mendez\/","title":{"rendered":"POL\u00cdTICA SOCIAL Y EL SECRETO DE LA FELICIDAD POR LIZ CASANUEVA M\u00c9NDEZ"},"content":{"rendered":"\n<p>Si algo est\u00e1 claro en el Gobierno del Presidente Sebasti\u00e1n Pi\u00f1era, es que todos trabajamos en pro de la felicidad y del mejoramiento de la calidad de vida de las personas. Esto me hace pensar en una\u00a0investigaci\u00f3n\u00a0que le\u00ed de la\u00a0Universidad de Harvard\u00a0que revel\u00f3 el secreto de la\u00a0felicidad.\u00a0<\/p>\n\n\n\n<p>La investigaci\u00f3n est\u00e1 encabezada por el psiquiatra Robert Waldinger, quien concluye que el mensaje m\u00e1s claro en sus 78 a\u00f1os de estudio es que:\u00a0las buenas relaciones nos hacen m\u00e1s felices y sanos. Ante eso menciona que las personas con m\u00e1s v\u00ednculos sociales, con la familia, amigos y la comunidad son m\u00e1s felices, m\u00e1s sanas y viven m\u00e1s que las personas que tienen menos v\u00ednculos. Las personas que viven rodeadas de amor y buenas relaciones se sienten m\u00e1s protegidas, tienen su cerebro m\u00e1s vivo y sus recuerdos son m\u00e1s n\u00edtidos.<\/p>\n\n\n\n<p>Creo que las pol\u00edticas sociales de nuestro Gobierno, tienen total y absoluta relaci\u00f3n y sentido con esta investigaci\u00f3n, ya que buscan promover un mayor bienestar con la familia y dentro de esta, en el fondo crear una alianza estrat\u00e9gica con la familia en todos los niveles.<em>&nbsp;La idea es que s<\/em>i queremos atender a un ni\u00f1o, ojal\u00e1 lo hagamos con la familia, a un adolescente, a un adulto mayor, a un discapacitado o cualquier tarea, queremos hacerla con la familia.<\/p>\n\n\n\n<p>Estos d\u00edas vivimos un cambio en el nombre de nuestro Ministerio que ahora es el Ministerio de Desarrollo Social y Familia, que cabe mencionar que desde que asumi\u00f3 esta nueva administraci\u00f3n ha sido un objetivo primordial de la pol\u00edtica social, apoyar y fortalecer a las familias, generando condiciones que les permitan alcanzar la mejor calidad de vida posible a lo largo de las distintas etapas del ciclo de vida de sus integrantes.<\/p>\n\n\n\n<p>Esto, ha sido una revoluci\u00f3n, ya que este cambio&nbsp; incorpora adem\u00e1s dentro de la poblaci\u00f3n objetivo del trabajo del ministerio, a las personas y familias de clase media en riesgo de vulnerabilidad, aquellas que han progresado significativamente gracias a sus propios m\u00e9ritos y esfuerzo, pero que pueden verse enfrentadas a situaciones que las podr\u00edan hacer volver o llevar o a una situaci\u00f3n de vulnerabilidad.<\/p>\n\n\n\n<p>Y con esto yo les pregunto: \u00bfCu\u00e1l es el lugar donde las personas recibimos m\u00e1s&nbsp; amor, sustento, protecci\u00f3n y seguridad? \u00bfCu\u00e1l es el n\u00facleo fundamental y medio natural para el crecimiento, la formaci\u00f3n, el bienestar y protecci\u00f3n?<\/p>\n\n\n\n<p>Y de forma inmediata me respondo: la familia, si la familia es la que nos da el primer apoyo para nuestro desarrollo integral, no s\u00f3lo durante la infancia y adolescencia, sino tambi\u00e9n en la vida adulta y la tercera edad. En el caso de los ni\u00f1os, personas con discapacidad y adultos mayores dependientes, la familia siempre es el primer lugar de acogida y cuidado.<\/p>\n\n\n\n<p>En resumen, \u00e9ste es un Gobierno pro familia. Creemos que la familia es absolutamente fundamental. Lo dice nuestra Constituci\u00f3n: es el n\u00facleo esencial de la sociedad y bien sabemos que es en ella donde encontramos nuestras mayores fuentes de felicidad.<\/p>\n\n\n\n<figure class=\"wp-block-image\"><img loading=\"lazy\" decoding=\"async\" width=\"900\" height=\"761\" src=\"https:\/\/www.radiopresidenteibanez.cl\/web\/wp-content\/uploads\/2019\/03\/4142768c-0bff-43a8-a245-47e4015ad25a-copia.jpg\" alt=\"\" class=\"wp-image-2246\" srcset=\"https:\/\/www.radiopresidenteibanez.cl\/web\/wp-content\/uploads\/2019\/03\/4142768c-0bff-43a8-a245-47e4015ad25a-copia.jpg 900w, https:\/\/www.radiopresidenteibanez.cl\/web\/wp-content\/uploads\/2019\/03\/4142768c-0bff-43a8-a245-47e4015ad25a-copia-300x254.jpg 300w, https:\/\/www.radiopresidenteibanez.cl\/web\/wp-content\/uploads\/2019\/03\/4142768c-0bff-43a8-a245-47e4015ad25a-copia-768x649.jpg 768w\" sizes=\"auto, (max-width: 900px) 100vw, 900px\" \/><\/figure>\n","protected":false},"excerpt":{"rendered":"<p>Si algo est\u00e1 claro en el Gobierno del Presidente Sebasti\u00e1n Pi\u00f1era, es que todos trabajamos en pro de la felicidad y del mejoramiento de la calidad de vida de las&#8230; <a class=\"read-more\" href=\"https:\/\/www.radiopresidenteibanez.cl\/web\/politica-social-y-el-secreto-de-la-felicidad-por-liz-casanueva-mendez\/\">Leer m\u00e1s<\/a><\/p>\n","protected":false},"author":2,"featured_media":2246,"comment_status":"closed","ping_status":"closed","sticky":false,"template":"","format":"standard","meta":{"footnotes":""},"categories":[1],"tags":[],"class_list":["post-2245","post","type-post","status-publish","format-standard","has-post-thumbnail","hentry","category-cronica"],"_links":{"self":[{"href":"https:\/\/www.radiopresidenteibanez.cl\/web\/wp-json\/wp\/v2\/posts\/2245","targetHints":{"allow":["GET"]}}],"collection":[{"href":"https:\/\/www.radiopresidenteibanez.cl\/web\/wp-json\/wp\/v2\/posts"}],"about":[{"href":"https:\/\/www.radiopresidenteibanez.cl\/web\/wp-json\/wp\/v2\/types\/post"}],"author":[{"embeddable":true,"href":"https:\/\/www.radiopresidenteibanez.cl\/web\/wp-json\/wp\/v2\/users\/2"}],"replies":[{"embeddable":true,"href":"https:\/\/www.radiopresidenteibanez.cl\/web\/wp-json\/wp\/v2\/comments?post=2245"}],"version-history":[{"count":0,"href":"https:\/\/www.radiopresidenteibanez.cl\/web\/wp-json\/wp\/v2\/posts\/2245\/revisions"}],"wp:featuredmedia":[{"embeddable":true,"href":"https:\/\/www.radiopresidenteibanez.cl\/web\/wp-json\/wp\/v2\/media\/2246"}],"wp:attachment":[{"href":"https:\/\/www.radiopresidenteibanez.cl\/web\/wp-json\/wp\/v2\/media?parent=2245"}],"wp:term":[{"taxonomy":"category","embeddable":true,"href":"https:\/\/www.radiopresidenteibanez.cl\/web\/wp-json\/wp\/v2\/categories?post=2245"},{"taxonomy":"post_tag","embeddable":true,"href":"https:\/\/www.radiopresidenteibanez.cl\/web\/wp-json\/wp\/v2\/tags?post=2245"}],"curies":[{"name":"wp","href":"https:\/\/api.w.org\/{rel}","templated":true}]}}