{"id":22447,"date":"2021-07-21T08:17:41","date_gmt":"2021-07-21T11:17:41","guid":{"rendered":"https:\/\/www.radiopresidenteibanez.cl\/web\/?p=22447"},"modified":"2021-07-21T08:17:46","modified_gmt":"2021-07-21T11:17:46","slug":"con-exito-se-desarrollo-operativo-medico-en-seno-obstruccion","status":"publish","type":"post","link":"https:\/\/www.radiopresidenteibanez.cl\/web\/con-exito-se-desarrollo-operativo-medico-en-seno-obstruccion\/","title":{"rendered":"CON EXITO SE DESARROLL\u00d3 OPERATIVO M\u00c9DICO EN SENO OBSTRUCCI\u00d3N"},"content":{"rendered":"\n<p><br>Un grupo de profesionales del Cesfam, el Concejo Municipal en pleno y funcionarios de la municipalidad de Puerto Natales realizaron este martes 20 de julio un operativo sanitario y social en Seno Obstrucci\u00f3n.<\/p>\n\n\n\n<p>Del equipo participaron t\u00e9cnicos en enfermer\u00eda, un dentista, un arquitecto, entre otros, quienes atendieron necesidades primarias de los vecinos. Los funcionarios y concejales tambi\u00e9n escucharon sus reclamos e ideas para mejorar la calidad de vida de la peque\u00f1a comunidad ubicada a 64 kil\u00f3metros de Puerto Natales.<\/p>\n\n\n\n<p>Despu\u00e9s de una presentaci\u00f3n de la ronda, a cargo de la jefa de Gabinete municipal, Daniela Huenchuan, en representaci\u00f3n de la alcaldesa Antonieta Oyarzo, ante los pobladores, los profesionales comenzaron inmediatamente a atender sus requerimientos.<\/p>\n\n\n\n<p>Los vecinos aprovecharon para someterse a un control general de salud -presi\u00f3n, descripci\u00f3n de s\u00edntomas, toma de temperatura- y a sentarse en el sill\u00f3n del dentista donde se hicieron chequeos y empastes.<\/p>\n\n\n\n<p>\u201cEs bueno esto para los vecinos porque no siempre podemos ir a Puerto Natales para controlarnos\u201d, explic\u00f3 Jessica Trujillo, que tiene tres hijos.<\/p>\n\n\n\n<p>Por su lado, el asesor urbano del municipio, el arquitecto Juan San Mart\u00edn, convers\u00f3 con las vecinas que esperan transformar la ex escuela de la villa en un centro cultural.<\/p>\n\n\n\n<p>\u201cVinimos a prestar apoyo en salud y recibimos inquietudes de los vecinos. Nos piden que las m\u00e1quinas arreglen el camino para mejor su comunicaci\u00f3n\u201d, se\u00f1al\u00f3 el concejal Juan Ojeda.<br>\u201cHa habido despreocupaci\u00f3n en las zonas rurales y hay que potenciarlas, mejorar la vida de los vecinos y que se pueda atraer al turismo local. Est\u00e1s zonas rurales tienen paisajes maravillosos\u201d, detall\u00f3 el concejal Ricardo Urtubia.<br>\u201cViven una realidad con muchas necesidades, tenemos que ayudarlos en educaci\u00f3n, salud. Necesitan educaci\u00f3n parvularia y media. Deben contar con una posta con un profesional de ac\u00e1 mismo. La gente se siente muy abandonada\u201d, apunt\u00f3 el concejal Marcelo Contreras.<\/p>\n\n\n\n<p>\u201cEstamos acompa\u00f1ando la ronda m\u00e9dica y nos reunimos con los vecinos. Ac\u00e1 se necesita una posta, mejorar los caminos, la educaci\u00f3n y el compromiso es que nos seguiremos reuniendo para ayudarlos en sus necesidades\u201d, explic\u00f3 la concejal Ver\u00f3nica P\u00e9rez.<\/p>\n\n\n\n<p>\u201cEstamos cumpliendo con el compromiso de traer una ronda bastante completa que es la t\u00f3nica de esta nueva administraci\u00f3n municipal y del Concejo Municipal. Los vecinos rurales tienen el derecho a recibir atenci\u00f3n en salud, entre otras cosas. Esta instancia de interactuar con los vecinos nos permite dialogar con ellos sobre sus problemas y tambi\u00e9n de la vida\u201d, subray\u00f3 el concejal Guillermo Ruiz Santana.<\/p>\n\n\n\n<p>En tanto el concejal Jorge Vergara dijo que \u201cnos hemos reunido con parte de la directiva de vecinos del sector, d\u00f3nde nos han hecho conocer muchas&nbsp; inquietudes de car\u00e1cter urgente. Nos han pedido ver la posibilidad de contar con una posta de salud rural, nos hablaron de la conectividad, del camino, puesto que en \u00e9poca de invierno ellos han quedado aislados, y las comunicaciones que son muy precarias. Nos vamos con un trabajo gigante que realizar\u201d.&nbsp;<\/p>\n","protected":false},"excerpt":{"rendered":"<p>Un grupo de profesionales del Cesfam, el Concejo Municipal en pleno y funcionarios de la municipalidad de Puerto Natales realizaron este martes 20 de julio un operativo sanitario y social&#8230; <a class=\"read-more\" href=\"https:\/\/www.radiopresidenteibanez.cl\/web\/con-exito-se-desarrollo-operativo-medico-en-seno-obstruccion\/\">Leer m\u00e1s<\/a><\/p>\n","protected":false},"author":2,"featured_media":22448,"comment_status":"closed","ping_status":"closed","sticky":false,"template":"","format":"standard","meta":{"footnotes":""},"categories":[1],"tags":[],"class_list":["post-22447","post","type-post","status-publish","format-standard","has-post-thumbnail","hentry","category-cronica"],"_links":{"self":[{"href":"https:\/\/www.radiopresidenteibanez.cl\/web\/wp-json\/wp\/v2\/posts\/22447","targetHints":{"allow":["GET"]}}],"collection":[{"href":"https:\/\/www.radiopresidenteibanez.cl\/web\/wp-json\/wp\/v2\/posts"}],"about":[{"href":"https:\/\/www.radiopresidenteibanez.cl\/web\/wp-json\/wp\/v2\/types\/post"}],"author":[{"embeddable":true,"href":"https:\/\/www.radiopresidenteibanez.cl\/web\/wp-json\/wp\/v2\/users\/2"}],"replies":[{"embeddable":true,"href":"https:\/\/www.radiopresidenteibanez.cl\/web\/wp-json\/wp\/v2\/comments?post=22447"}],"version-history":[{"count":0,"href":"https:\/\/www.radiopresidenteibanez.cl\/web\/wp-json\/wp\/v2\/posts\/22447\/revisions"}],"wp:featuredmedia":[{"embeddable":true,"href":"https:\/\/www.radiopresidenteibanez.cl\/web\/wp-json\/wp\/v2\/media\/22448"}],"wp:attachment":[{"href":"https:\/\/www.radiopresidenteibanez.cl\/web\/wp-json\/wp\/v2\/media?parent=22447"}],"wp:term":[{"taxonomy":"category","embeddable":true,"href":"https:\/\/www.radiopresidenteibanez.cl\/web\/wp-json\/wp\/v2\/categories?post=22447"},{"taxonomy":"post_tag","embeddable":true,"href":"https:\/\/www.radiopresidenteibanez.cl\/web\/wp-json\/wp\/v2\/tags?post=22447"}],"curies":[{"name":"wp","href":"https:\/\/api.w.org\/{rel}","templated":true}]}}