{"id":22423,"date":"2021-07-20T08:24:39","date_gmt":"2021-07-20T11:24:39","guid":{"rendered":"https:\/\/www.radiopresidenteibanez.cl\/web\/?p=22423"},"modified":"2021-07-20T08:24:44","modified_gmt":"2021-07-20T11:24:44","slug":"ministerio-de-las-culturas-destinara-mas-de-9-mil-millones-de-pesos-para-la-reactivacion-de-espacios-y-organizaciones-del-del-sector","status":"publish","type":"post","link":"https:\/\/www.radiopresidenteibanez.cl\/web\/ministerio-de-las-culturas-destinara-mas-de-9-mil-millones-de-pesos-para-la-reactivacion-de-espacios-y-organizaciones-del-del-sector\/","title":{"rendered":"MINISTERIO DE LAS CULTURAS DESTINARA MAS DE 9 MIL MILLONES DE PESOS PARA LA REACTIVACION DE ESPACIOS Y ORGANIZACIONES DEL DEL SECTOR"},"content":{"rendered":"\n<h1 class=\"wp-block-heading\"> <\/h1>\n\n\n\n<p>El Programa de Apoyo a\nOrganizaciones Culturales Colaboradoras (PAOCC) entrega apoyo y financiamiento\na organizaciones culturales que ofrecen a sus p\u00fablicos programaci\u00f3n, contenidos\ny\/o productos art\u00edsticos, con el fin de que puedan fortalecer sus capacidades\nde gesti\u00f3n y aumentar su sostenibilidad.<\/p>\n\n\n\n<p>&nbsp;\u201cLos espacios y organizaciones culturales son\nagentes clave en una comunidad, ya que acercan las distintas manifestaciones\nart\u00edsticas a la ciudadan\u00eda, labor especialmente valiosa en tiempos de pandemia\ny confinamiento, adem\u00e1s de ser los principales generadores de puestos laborales\npara los trabajadores de la cultura. Para apoyar este trabajo ponemos a\ndisposici\u00f3n la cifra hist\u00f3rica de m\u00e1s de 9 mil millones de pesos, que inyectan\nrecursos para funcionamiento y programaci\u00f3n de espacios y organizaciones culturales,\nentendiendo que aquello redundar\u00e1 en una mayor y mejor oferta art\u00edstica\ndisponible para la ciudadan\u00eda\u201d, dijo la ministra de las Culturas, Consuelo\nVald\u00e9s.<\/p>\n\n\n\n<p>La Convocatoria 2021\ncuenta con dos l\u00edneas de financiamiento: Fortalecimiento de la Gesti\u00f3n y Programaci\u00f3n,\ny Redes Sectoriales de Espacios Culturales. <\/p>\n\n\n\n<p>La l\u00ednea de\nFortalecimiento de la Gesti\u00f3n y Programaci\u00f3n busca favorecer la continuidad de organizaciones\nculturales que ofrecen a los p\u00fablicos instancias de participaci\u00f3n cultural,\nprogramaci\u00f3n, contenidos y\/o productos art\u00edsticos. La organizaci\u00f3n deber\u00e1\ncontemplar la realizaci\u00f3n de actividades art\u00edsticas con afluencia de p\u00fablico\ndurante la ejecuci\u00f3n del plan de gesti\u00f3n y la formulaci\u00f3n e implementaci\u00f3n\nobligatoria de estrategias y actividades de desarrollo de p\u00fablicos. Seg\u00fan la\nmodalidad a la que se postule, la organizaci\u00f3n deber\u00e1 abordar obligatoriamente\ndistintos ejes de trabajo y objetivos, proponiendo acciones y actividades\npertinentes a cada uno de ellos.<\/p>\n\n\n\n<p>Esta l\u00ednea incluye cuatro modalidades:\nAgentes Culturales, para organizaciones que no cuenten con un espacio cultural,\npero cuyo quehacer lo realizan en distintos espacios y plataformas de\nexhibici\u00f3n; Espacios Culturales, para organizaciones que cuenten con un espacio\ncultural, que ofrezcan programaci\u00f3n y establezcan v\u00ednculos con los p\u00fablicos y\naudiencias; Continuidad, para organizaciones que hayan suscrito convenio\ndurante el a\u00f1o 2020 en el marco de la Convocatoria de dicho a\u00f1o del Programa de\nApoyo a Organizaciones Culturales Colaboradoras, Modalidad de Continuidad,\nconvocatoria 2020; y Trayectoria, para organizaciones con antig\u00fcedad superior a\nsiete a\u00f1os al momento de postular.<\/p>\n\n\n\n<p>La l\u00ednea de Redes Sectoriales de Espacios Culturales apoya a redes de Espacios que generen sinergias y econom\u00edas de escala para\nel fortalecimiento de las organizaciones, la circulaci\u00f3n, programaci\u00f3n y\ndifusi\u00f3n de bienes y\/o servicios culturales, en torno a un dominio art\u00edstico\nespec\u00edfico y la realizaci\u00f3n de actividades art\u00edsticas con afluencia de p\u00fablico\ndentro del territorio nacional. La red postulante debe componerse por seis o\nm\u00e1s espacios culturales de una o m\u00e1s regiones (quienes deben contar con\ninfraestructura o espacio cultural; y su quehacer se debe centrar en formular e\nimplementar estrategias y actividades de desarrollo de p\u00fablicos. <\/p>\n\n\n\n<p>Si bien las categor\u00edas y modalidades cuentan con requisitos de postulaci\u00f3n\ndiferenciados, todos los postulantes deben ser personas jur\u00eddicas chilenas de derecho privado. En el\ncaso de las modalidades que permiten la postulaci\u00f3n de personas jur\u00eddicas con\nfines de lucro, su facturaci\u00f3n no puede superar las 25.000 UF anuales.<\/p>\n\n\n\n<p>Los planes de gesti\u00f3n y proyectos s\u00f3lo podr\u00e1n ser postulados a trav\u00e9s de FUP v\u00eda digital, y enviados a trav\u00e9s de la p\u00e1gina web <a href=\"http:\/\/www.fondosdecultura.gob.cl\">www.fondosdecultura.gob.cl<\/a>. <strong>Esta Convocatoria estar\u00e1 abierta hasta el 13 de agosto del 2021. Las bases se encuentran disponibles en el sitio web <\/strong><a href=\"http:\/\/www.fondosdecultura.gob.cl\">www.fondosdecultura.gob.cl<\/a><strong>. <\/strong><\/p>\n","protected":false},"excerpt":{"rendered":"<p>El Programa de Apoyo a Organizaciones Culturales Colaboradoras (PAOCC) entrega apoyo y financiamiento a organizaciones culturales que ofrecen a sus p\u00fablicos programaci\u00f3n, contenidos y\/o productos art\u00edsticos, con el fin de&#8230; <a class=\"read-more\" href=\"https:\/\/www.radiopresidenteibanez.cl\/web\/ministerio-de-las-culturas-destinara-mas-de-9-mil-millones-de-pesos-para-la-reactivacion-de-espacios-y-organizaciones-del-del-sector\/\">Leer m\u00e1s<\/a><\/p>\n","protected":false},"author":2,"featured_media":22424,"comment_status":"closed","ping_status":"closed","sticky":false,"template":"","format":"standard","meta":{"footnotes":""},"categories":[1],"tags":[],"class_list":["post-22423","post","type-post","status-publish","format-standard","has-post-thumbnail","hentry","category-cronica"],"_links":{"self":[{"href":"https:\/\/www.radiopresidenteibanez.cl\/web\/wp-json\/wp\/v2\/posts\/22423","targetHints":{"allow":["GET"]}}],"collection":[{"href":"https:\/\/www.radiopresidenteibanez.cl\/web\/wp-json\/wp\/v2\/posts"}],"about":[{"href":"https:\/\/www.radiopresidenteibanez.cl\/web\/wp-json\/wp\/v2\/types\/post"}],"author":[{"embeddable":true,"href":"https:\/\/www.radiopresidenteibanez.cl\/web\/wp-json\/wp\/v2\/users\/2"}],"replies":[{"embeddable":true,"href":"https:\/\/www.radiopresidenteibanez.cl\/web\/wp-json\/wp\/v2\/comments?post=22423"}],"version-history":[{"count":0,"href":"https:\/\/www.radiopresidenteibanez.cl\/web\/wp-json\/wp\/v2\/posts\/22423\/revisions"}],"wp:featuredmedia":[{"embeddable":true,"href":"https:\/\/www.radiopresidenteibanez.cl\/web\/wp-json\/wp\/v2\/media\/22424"}],"wp:attachment":[{"href":"https:\/\/www.radiopresidenteibanez.cl\/web\/wp-json\/wp\/v2\/media?parent=22423"}],"wp:term":[{"taxonomy":"category","embeddable":true,"href":"https:\/\/www.radiopresidenteibanez.cl\/web\/wp-json\/wp\/v2\/categories?post=22423"},{"taxonomy":"post_tag","embeddable":true,"href":"https:\/\/www.radiopresidenteibanez.cl\/web\/wp-json\/wp\/v2\/tags?post=22423"}],"curies":[{"name":"wp","href":"https:\/\/api.w.org\/{rel}","templated":true}]}}