{"id":2242,"date":"2019-03-14T14:46:29","date_gmt":"2019-03-14T14:46:29","guid":{"rendered":"http:\/\/www.radiopresidenteibanez.cl\/web\/?p=2242"},"modified":"2019-03-14T14:46:48","modified_gmt":"2019-03-14T14:46:48","slug":"senadora-goic-con-el-apoyo-del-centro-de-inteligencia-colectiva-del-mit-presentan-plataforma-digital-de-participacion-ciudadana-para-ley-nacional-del-cancer","status":"publish","type":"post","link":"https:\/\/www.radiopresidenteibanez.cl\/web\/senadora-goic-con-el-apoyo-del-centro-de-inteligencia-colectiva-del-mit-presentan-plataforma-digital-de-participacion-ciudadana-para-ley-nacional-del-cancer\/","title":{"rendered":"SENADORA GOIC CON EL APOYO DEL CENTRO DE INTELIGENCIA COLECTIVA DEL MIT PRESENTAN PLATAFORMA DIGITAL DE PARTICIPACI\u00d3N CIUDADANA PARA LEY NACIONAL DEL C\u00c1NCER"},"content":{"rendered":"\n<p>La\nsenadora Carolina Goic, junto a diversas autoridades y miembros de la sociedad\ncivil organizada, presentaron esta ma\u00f1ana una innovadora plataforma digital que\npermite que la ciudadan\u00eda pueda hacer sus aportes a la discusi\u00f3n de la Ley\nNacional del C\u00e1ncer, que actualmente se tramita en el Senado.<\/p>\n\n\n\n<p>La\niniciativa consiste de un plan piloto desarrollado por la oficina de la\nparlamentaria en conjunto con el Centro de Inteligencia Colectiva del MIT\n(Instituto Tecnol\u00f3gico de Massachustes) que permite, a trav\u00e9s de una plataforma\ndigital (<a href=\"http:\/\/www.leynacionaldelcancer.com\/\">www.leynacionaldelcancer.com<\/a>), que cualquier ciudadana o ciudadano\ninteresado, pueda comentar, hacer consultas a un grupo de expertos o se\u00f1alar\nqu\u00e9 elementos no est\u00e1n, a su juicio,&nbsp;&nbsp;considerados en la propuesta\ndel Gobierno.<\/p>\n\n\n\n<p>\u201cVenimos\ntrabajando hace a\u00f1os con el Foro Nacional del C\u00e1ncer y las agrupaciones de\npacientes y fundaciones en una l\u00f3gica colaborativa, pero con este plan piloto\nqueremos llevar el proceso participativo a un nuevo nivel, al poner a\ndisposici\u00f3n de toda la ciudadan\u00eda una plataforma digital de f\u00e1cil manejo cuyos\nprincipales resultados queremos incorporar al debate legislativo\u201d, explic\u00f3 la\nsenadora.<\/p>\n\n\n\n<p>Goic\nagreg\u00f3 que la idea es que aquellos elementos que sean mencionados de manera m\u00e1s\nrecurrente sean sistematizados y que, de ser factible, sean incorporados como\nindicaciones a la propuesta del Ejecutivo. \u201cEs una l\u00f3gica in\u00e9dita de relacionar\na la gente y sus preocupaciones con nuestra labor legislativa, lo que acerca\nnuestro trabajo a la poblaci\u00f3n y fortalece nuestra democracia\u201d, puntualiz\u00f3.<\/p>\n\n\n\n<p><strong>Proyecto Innovador<\/strong><\/p>\n\n\n\n<p>La Plataforma Ley Nacional del C\u00e1ncer CoLab es\nuna primera experiencia que busca estudiar la introducci\u00f3n de nuevas\nherramientas para que los ciudadanos tengan la oportunidad de participar de\nmanera m\u00e1s directa en el proceso legislativo. Luego de una primera fase de\ncomentarios, la plataforma ir\u00e1 incorporando herramientas tecnol\u00f3gicas que\ntienen como principal objetivo, impulsar procesos de co-creaci\u00f3n y colaboraci\u00f3n\nm\u00e1s eficientes.<\/p>\n\n\n\n<p>El director del Centro de Inteligencia\nColectiva del MIT, Thomas Malone se\u00f1al\u00f3 que m\u00e1s que la tecnolog\u00eda lo importante\nen este tipo de iniciativas es \u201cencontrar nuevas formas de conectar a la\nciudadan\u00eda con las instituciones y sus representantes, y alcanzar as\u00ed mejores\nresultados para la sociedad\u201d. Agreg\u00f3 adem\u00e1s que \u201cDesde el Centro creemos que\nlas personas trabajando juntas act\u00faan como&nbsp;<em>supermentes<\/em>, y que son\nlas responsables de los mayores logros de la humanidad\u201d.<\/p>\n\n\n\n<p>Finalmente, la senadora Goic hizo un llamado a las personas que conocen a alguien con c\u00e1ncer y tambi\u00e9n a quienes trabajan en el sector de la salud, as\u00ed como investigadores, acad\u00e9micos y el p\u00fablico en general a que se registren en la plataforma y hagan su aporte. \u201cMientras m\u00e1s personas participen, tendremos mejores insumos para mejorar la propuesta del Gobierno\u201d dijo la parlamentaria, quien precis\u00f3 que, dependiendo de los resultados, se podr\u00eda utilizar esta herramienta tecnol\u00f3gica para futuras propuestas legislativas.<\/p>\n\n\n\n<figure class=\"wp-block-image\"><img loading=\"lazy\" decoding=\"async\" width=\"1024\" height=\"829\" src=\"https:\/\/www.radiopresidenteibanez.cl\/web\/wp-content\/uploads\/2019\/03\/PHOTO-2019-03-13-16-11-21-1024x829.jpg\" alt=\"\" class=\"wp-image-2243\" srcset=\"https:\/\/www.radiopresidenteibanez.cl\/web\/wp-content\/uploads\/2019\/03\/PHOTO-2019-03-13-16-11-21.jpg 1024w, https:\/\/www.radiopresidenteibanez.cl\/web\/wp-content\/uploads\/2019\/03\/PHOTO-2019-03-13-16-11-21-300x243.jpg 300w, https:\/\/www.radiopresidenteibanez.cl\/web\/wp-content\/uploads\/2019\/03\/PHOTO-2019-03-13-16-11-21-768x622.jpg 768w\" sizes=\"auto, (max-width: 1024px) 100vw, 1024px\" \/><\/figure>\n","protected":false},"excerpt":{"rendered":"<p>La senadora Carolina Goic, junto a diversas autoridades y miembros de la sociedad civil organizada, presentaron esta ma\u00f1ana una innovadora plataforma digital que permite que la ciudadan\u00eda pueda hacer sus&#8230; <a class=\"read-more\" href=\"https:\/\/www.radiopresidenteibanez.cl\/web\/senadora-goic-con-el-apoyo-del-centro-de-inteligencia-colectiva-del-mit-presentan-plataforma-digital-de-participacion-ciudadana-para-ley-nacional-del-cancer\/\">Leer m\u00e1s<\/a><\/p>\n","protected":false},"author":2,"featured_media":2243,"comment_status":"closed","ping_status":"closed","sticky":false,"template":"","format":"standard","meta":{"footnotes":""},"categories":[1],"tags":[],"class_list":["post-2242","post","type-post","status-publish","format-standard","has-post-thumbnail","hentry","category-cronica"],"_links":{"self":[{"href":"https:\/\/www.radiopresidenteibanez.cl\/web\/wp-json\/wp\/v2\/posts\/2242","targetHints":{"allow":["GET"]}}],"collection":[{"href":"https:\/\/www.radiopresidenteibanez.cl\/web\/wp-json\/wp\/v2\/posts"}],"about":[{"href":"https:\/\/www.radiopresidenteibanez.cl\/web\/wp-json\/wp\/v2\/types\/post"}],"author":[{"embeddable":true,"href":"https:\/\/www.radiopresidenteibanez.cl\/web\/wp-json\/wp\/v2\/users\/2"}],"replies":[{"embeddable":true,"href":"https:\/\/www.radiopresidenteibanez.cl\/web\/wp-json\/wp\/v2\/comments?post=2242"}],"version-history":[{"count":0,"href":"https:\/\/www.radiopresidenteibanez.cl\/web\/wp-json\/wp\/v2\/posts\/2242\/revisions"}],"wp:featuredmedia":[{"embeddable":true,"href":"https:\/\/www.radiopresidenteibanez.cl\/web\/wp-json\/wp\/v2\/media\/2243"}],"wp:attachment":[{"href":"https:\/\/www.radiopresidenteibanez.cl\/web\/wp-json\/wp\/v2\/media?parent=2242"}],"wp:term":[{"taxonomy":"category","embeddable":true,"href":"https:\/\/www.radiopresidenteibanez.cl\/web\/wp-json\/wp\/v2\/categories?post=2242"},{"taxonomy":"post_tag","embeddable":true,"href":"https:\/\/www.radiopresidenteibanez.cl\/web\/wp-json\/wp\/v2\/tags?post=2242"}],"curies":[{"name":"wp","href":"https:\/\/api.w.org\/{rel}","templated":true}]}}