{"id":22412,"date":"2021-07-19T14:45:00","date_gmt":"2021-07-19T17:45:00","guid":{"rendered":"https:\/\/www.radiopresidenteibanez.cl\/web\/?p=22412"},"modified":"2021-07-19T13:30:45","modified_gmt":"2021-07-19T16:30:45","slug":"municipio-aumenta-potencia-electrica-en-sectores-periurbanos-con-una-inversion-cercana-a-los-70-millones-de-pesos","status":"publish","type":"post","link":"https:\/\/www.radiopresidenteibanez.cl\/web\/municipio-aumenta-potencia-electrica-en-sectores-periurbanos-con-una-inversion-cercana-a-los-70-millones-de-pesos\/","title":{"rendered":"MUNICIPIO AUMENTA POTENCIA EL\u00c9CTRICA EN SECTORES PERIURBANOS CON UNA INVERSI\u00d3N CERCANA A LOS 70 MILLONES DE PESOS"},"content":{"rendered":"\n<p>Durante las \u00faltimas semanas, la Municipalidad de Punta Arenas, a trav\u00e9s del Departamento de Alumbrado P\u00fablico, ha estado trabajando en el aumento de potencia y capacidad el\u00e9ctrica de diversos sectores periurbanos de la comuna como: Llau Llau, Varillas, Vrsalovic, entre otros, todo esto, con el fin de disminuir la carga actual que hoy existe y que constantemente, genera inconvenientes en el suministro domiciliario de dichos lugares.<\/p>\n\n\n\n<p>Actualmente, Llau Llau por ejemplo, posee alumbrado p\u00fablico Led, lo cual se suma al consumo de los hogares que se han instalado en el sector, generando una sobrecarga evidente frente a la capacidad de las l\u00edneas de suministro el\u00e9ctrico que hoy existen.<\/p>\n\n\n\n<p>Frente a ello, el Alcalde de la comuna, Claudio Radonich explic\u00f3 que \u201chemos comprado 11 nuevos transformadores para lugares como estos que, lamentablemente, producto de la gran cantidad de casas que se est\u00e1n construyendo, no dan abasto con la potencia para dar energ\u00eda a todos\u201d.<\/p>\n\n\n\n<p>\u201cLo que buscamos es que los vecinos no tengan problemas de suministro el\u00e9ctrico, pero estamos muy condicionados por la empresa (EDELMAG), y es por eso que en paralelo a este trabajo de repotenciaci\u00f3n dentro del marco que nos da la empresa el\u00e9ctrica, elaboraremos un &nbsp;proyecto para normalizar las redes que tenemos en la ciudad, ya que para poder tener una soluci\u00f3n definitiva es necesario definir el proyecto mayor, agregando una l\u00ednea de media tensi\u00f3n para lograr m\u00e1s cobertura\u201d, agreg\u00f3 Radonich.<\/p>\n\n\n\n<p>Finalmente, la autoridad local dijo que \u201ccon esta inversi\u00f3n, cercana a los 70 millones de pesos, hoy estamos colaborando con 500 familias que van a tener un suministro mucho m\u00e1s estable, pero sabemos que hay cerca de 4 mil hogares que requieren de una respuesta m\u00e1s amplia, as\u00ed que estamos en el proceso de levantamiento de informaci\u00f3n para concretar una iniciativa que permita normalizar todo el sector periurbano de la comuna\u201d.&nbsp;<\/p>\n","protected":false},"excerpt":{"rendered":"<p>Durante las \u00faltimas semanas, la Municipalidad de Punta Arenas, a trav\u00e9s del Departamento de Alumbrado P\u00fablico, ha estado trabajando en el aumento de potencia y capacidad el\u00e9ctrica de diversos sectores&#8230; <a class=\"read-more\" href=\"https:\/\/www.radiopresidenteibanez.cl\/web\/municipio-aumenta-potencia-electrica-en-sectores-periurbanos-con-una-inversion-cercana-a-los-70-millones-de-pesos\/\">Leer m\u00e1s<\/a><\/p>\n","protected":false},"author":2,"featured_media":22413,"comment_status":"closed","ping_status":"closed","sticky":false,"template":"","format":"standard","meta":{"footnotes":""},"categories":[1],"tags":[],"class_list":["post-22412","post","type-post","status-publish","format-standard","has-post-thumbnail","hentry","category-cronica"],"_links":{"self":[{"href":"https:\/\/www.radiopresidenteibanez.cl\/web\/wp-json\/wp\/v2\/posts\/22412","targetHints":{"allow":["GET"]}}],"collection":[{"href":"https:\/\/www.radiopresidenteibanez.cl\/web\/wp-json\/wp\/v2\/posts"}],"about":[{"href":"https:\/\/www.radiopresidenteibanez.cl\/web\/wp-json\/wp\/v2\/types\/post"}],"author":[{"embeddable":true,"href":"https:\/\/www.radiopresidenteibanez.cl\/web\/wp-json\/wp\/v2\/users\/2"}],"replies":[{"embeddable":true,"href":"https:\/\/www.radiopresidenteibanez.cl\/web\/wp-json\/wp\/v2\/comments?post=22412"}],"version-history":[{"count":0,"href":"https:\/\/www.radiopresidenteibanez.cl\/web\/wp-json\/wp\/v2\/posts\/22412\/revisions"}],"wp:featuredmedia":[{"embeddable":true,"href":"https:\/\/www.radiopresidenteibanez.cl\/web\/wp-json\/wp\/v2\/media\/22413"}],"wp:attachment":[{"href":"https:\/\/www.radiopresidenteibanez.cl\/web\/wp-json\/wp\/v2\/media?parent=22412"}],"wp:term":[{"taxonomy":"category","embeddable":true,"href":"https:\/\/www.radiopresidenteibanez.cl\/web\/wp-json\/wp\/v2\/categories?post=22412"},{"taxonomy":"post_tag","embeddable":true,"href":"https:\/\/www.radiopresidenteibanez.cl\/web\/wp-json\/wp\/v2\/tags?post=22412"}],"curies":[{"name":"wp","href":"https:\/\/api.w.org\/{rel}","templated":true}]}}