{"id":22406,"date":"2021-07-19T11:08:14","date_gmt":"2021-07-19T14:08:14","guid":{"rendered":"https:\/\/www.radiopresidenteibanez.cl\/web\/?p=22406"},"modified":"2021-07-19T11:08:19","modified_gmt":"2021-07-19T14:08:19","slug":"con-buena-energia-capacito-a-vecinos-de-rio-verde-yanuncia-acceso-mas-expedito-al-programa","status":"publish","type":"post","link":"https:\/\/www.radiopresidenteibanez.cl\/web\/con-buena-energia-capacito-a-vecinos-de-rio-verde-yanuncia-acceso-mas-expedito-al-programa\/","title":{"rendered":"CON BUENA ENERGIA CAPACITO A VECINOS DE RIO VERDE YANUNCIA ACCESO MAS EXPEDITO AL PROGRAMA"},"content":{"rendered":"\n<p>La gira del Programa Con Buena Energ\u00eda sigue su periplo por la Regi\u00f3n de Magallanes. Esta vez, vecinos de la rural comuna de R\u00edo Verde, recibieron una completa capacitaci\u00f3n para aprender a usar eficientemente los recursos energ\u00e9ticos.<\/p>\n\n\n\n<p>La charla telem\u00e1tica estuvo a cargo de la Profesional de la SEREMI de Energ\u00eda de Magallanes, Mar\u00eda Alicia Aguilar, quien explic\u00f3 que la idea del programa es que los conocimientos sean f\u00e1cilmente internalizados, \u201cde manera tal que, al aplicarlos, las familias o due\u00f1os de casa puedan&nbsp;disminuir sus consumos energ\u00e9ticos a fin de mes\u201d.<\/p>\n\n\n\n<p>La Profesional cont\u00f3 que los aprendizajes que se entregan son sobre consumos energ\u00e9ticos de los principales artefactos del hogar, aislaci\u00f3n t\u00e9rmica de la vivienda; consejos para el uso eficiente de calefactores, cocina, refrigerador y lectura de la boleta de electricidad, entre otras tem\u00e1ticas.<\/p>\n\n\n\n<p>Al finalizar, los participantes reciben un kit eficiente compuesto por&nbsp;ampolletas LED, una gu\u00eda educativa, un magneto con tips y una bolsa reutilizable, cuyo objetivo busca&nbsp;reforzar los aprendizajes adquiridos.<\/p>\n\n\n\n<p>La capacitaci\u00f3n que contemplaba a m\u00e1s de 50 vecinos de R\u00edo Verde, fue altamente valorada tanto por los beneficiaros como por la alcaldesa de la comuna.<\/p>\n\n\n\n<p>\u201cNuestro municipio est\u00e1 tan comprometido con la eficiencia energ\u00e9tica como lo est\u00e1 el Ministerio de Energ\u00eda. Es por ello que apoyamos y valoramos estas acciones concretas que traen a lugares apartados de la regi\u00f3n y de Chile, pr\u00e1cticos conocimientos sobre el uso responsable de la energ\u00eda. Creemos que nuestros vecinos sabr\u00e1n sacarle el mejor provecho en beneficio de su econom\u00eda dom\u00e9stica y del medio ambiente que nos acoge\u201d, sostuvo la m\u00e1xima autoridad comunal, Sabina Ballesteros. &nbsp;&nbsp;<\/p>\n\n\n\n<p>En tanto, Natalia Maldonado, profesora y residente de Villa Ponsomby, agradeci\u00f3 la charla que calific\u00f3 como \u201cuna muy buena herramienta para fortalecer conocimientos que a veces se van olvidando y por lo mismo, se dejan de hacer\u201d, dijo y agreg\u00f3: \u201cayer aprendimos consejos muy \u00fatiles, por un lado, y reforzamos los que ya ten\u00edamos sobre eficiencia energ\u00e9tica, por otro\u201d. &nbsp;<\/p>\n\n\n\n<p><strong>CIFRAS EN MAGALLANES<\/strong><\/p>\n\n\n\n<p>La capacitaci\u00f3n impartida en la comuna que se emplaza en la ribera del canal Fitz Roy, frente a Isla Riesco, se est\u00e1 dando a lo largo y ancho de todo Chile. &nbsp;<\/p>\n\n\n\n<p>A la fecha, 302.748 hogares han sido beneficiados con este programa a lo largo de Chile. La iniciativa es implementada por las secretar\u00edas regionales de Energ\u00eda, en coordinaci\u00f3n con municipios, gobernaciones u otras instituciones, con los que se han suscrito convenios de cooperaci\u00f3n, con el fin de planificar las actividades educativas, y definir los hogares beneficiados de cada actividad, de acuerdo a criterios de focalizaci\u00f3n.<\/p>\n\n\n\n<p>\u201cGracias a este programa miles de familias chilenas han podido mejorar su calidad de vida. Son consejos muy pr\u00e1cticos y f\u00e1ciles de implementar, tanto en la casa como en el trabajo, que nos permiten bajar el consumo, ahorrar y adem\u00e1s cuidar el planeta. En lo que queda de este a\u00f1o esperamos capacitar a m\u00e1s de 30.000 hogares\u201d, destac\u00f3 Juan Carlos Jobet, biministro de Energ\u00eda y Miner\u00eda.<\/p>\n","protected":false},"excerpt":{"rendered":"<p>La gira del Programa Con Buena Energ\u00eda sigue su periplo por la Regi\u00f3n de Magallanes. Esta vez, vecinos de la rural comuna de R\u00edo Verde, recibieron una completa capacitaci\u00f3n para&#8230; <a class=\"read-more\" href=\"https:\/\/www.radiopresidenteibanez.cl\/web\/con-buena-energia-capacito-a-vecinos-de-rio-verde-yanuncia-acceso-mas-expedito-al-programa\/\">Leer m\u00e1s<\/a><\/p>\n","protected":false},"author":2,"featured_media":22407,"comment_status":"closed","ping_status":"closed","sticky":false,"template":"","format":"standard","meta":{"footnotes":""},"categories":[1],"tags":[],"class_list":["post-22406","post","type-post","status-publish","format-standard","has-post-thumbnail","hentry","category-cronica"],"_links":{"self":[{"href":"https:\/\/www.radiopresidenteibanez.cl\/web\/wp-json\/wp\/v2\/posts\/22406","targetHints":{"allow":["GET"]}}],"collection":[{"href":"https:\/\/www.radiopresidenteibanez.cl\/web\/wp-json\/wp\/v2\/posts"}],"about":[{"href":"https:\/\/www.radiopresidenteibanez.cl\/web\/wp-json\/wp\/v2\/types\/post"}],"author":[{"embeddable":true,"href":"https:\/\/www.radiopresidenteibanez.cl\/web\/wp-json\/wp\/v2\/users\/2"}],"replies":[{"embeddable":true,"href":"https:\/\/www.radiopresidenteibanez.cl\/web\/wp-json\/wp\/v2\/comments?post=22406"}],"version-history":[{"count":0,"href":"https:\/\/www.radiopresidenteibanez.cl\/web\/wp-json\/wp\/v2\/posts\/22406\/revisions"}],"wp:featuredmedia":[{"embeddable":true,"href":"https:\/\/www.radiopresidenteibanez.cl\/web\/wp-json\/wp\/v2\/media\/22407"}],"wp:attachment":[{"href":"https:\/\/www.radiopresidenteibanez.cl\/web\/wp-json\/wp\/v2\/media?parent=22406"}],"wp:term":[{"taxonomy":"category","embeddable":true,"href":"https:\/\/www.radiopresidenteibanez.cl\/web\/wp-json\/wp\/v2\/categories?post=22406"},{"taxonomy":"post_tag","embeddable":true,"href":"https:\/\/www.radiopresidenteibanez.cl\/web\/wp-json\/wp\/v2\/tags?post=22406"}],"curies":[{"name":"wp","href":"https:\/\/api.w.org\/{rel}","templated":true}]}}