{"id":2238,"date":"2019-03-14T14:43:45","date_gmt":"2019-03-14T14:43:45","guid":{"rendered":"http:\/\/www.radiopresidenteibanez.cl\/web\/?p=2238"},"modified":"2019-03-14T14:44:24","modified_gmt":"2019-03-14T14:44:24","slug":"impecable-presentacion-brindo-nuevamente-la-banda-de-guerra-de-la-cuarta-brigada-aerea-en-el-gimnasio-de-la-escuela-18-de-septiembre","status":"publish","type":"post","link":"https:\/\/www.radiopresidenteibanez.cl\/web\/impecable-presentacion-brindo-nuevamente-la-banda-de-guerra-de-la-cuarta-brigada-aerea-en-el-gimnasio-de-la-escuela-18-de-septiembre\/","title":{"rendered":"IMPECABLE PRESENTACI\u00d3N BRIND\u00d3 NUEVAMENTE LA BANDA DE GUERRA DE LA CUARTA BRIGADA A\u00c9REA EN EL GIMNASIO DE LA ESCUELA 18 DE SEPTIEMBRE"},"content":{"rendered":"\n<ul class=\"wp-block-gallery columns-2 is-cropped wp-block-gallery-1 is-layout-flex wp-block-gallery-is-layout-flex\"><li class=\"blocks-gallery-item\"><figure><img loading=\"lazy\" decoding=\"async\" width=\"1024\" height=\"768\" src=\"https:\/\/www.radiopresidenteibanez.cl\/web\/wp-content\/uploads\/2019\/03\/0d9c8a8c-db7e-4791-a6b4-0a95b31f5b33-1024x768.jpg\" alt=\"\" data-id=\"2239\" data-link=\"https:\/\/www.radiopresidenteibanez.cl\/web\/?attachment_id=2239\" class=\"wp-image-2239\" srcset=\"https:\/\/www.radiopresidenteibanez.cl\/web\/wp-content\/uploads\/2019\/03\/0d9c8a8c-db7e-4791-a6b4-0a95b31f5b33-1024x768.jpg 1024w, https:\/\/www.radiopresidenteibanez.cl\/web\/wp-content\/uploads\/2019\/03\/0d9c8a8c-db7e-4791-a6b4-0a95b31f5b33-300x225.jpg 300w, https:\/\/www.radiopresidenteibanez.cl\/web\/wp-content\/uploads\/2019\/03\/0d9c8a8c-db7e-4791-a6b4-0a95b31f5b33-768x576.jpg 768w, https:\/\/www.radiopresidenteibanez.cl\/web\/wp-content\/uploads\/2019\/03\/0d9c8a8c-db7e-4791-a6b4-0a95b31f5b33.jpg 1280w\" sizes=\"auto, (max-width: 1024px) 100vw, 1024px\" \/><\/figure><\/li><li class=\"blocks-gallery-item\"><figure><img loading=\"lazy\" decoding=\"async\" width=\"1024\" height=\"768\" src=\"https:\/\/www.radiopresidenteibanez.cl\/web\/wp-content\/uploads\/2019\/03\/1ff77365-835c-4b7c-a285-393942f5bca8-1024x768.jpg\" alt=\"\" data-id=\"2240\" data-link=\"https:\/\/www.radiopresidenteibanez.cl\/web\/?attachment_id=2240\" class=\"wp-image-2240\" srcset=\"https:\/\/www.radiopresidenteibanez.cl\/web\/wp-content\/uploads\/2019\/03\/1ff77365-835c-4b7c-a285-393942f5bca8-1024x768.jpg 1024w, https:\/\/www.radiopresidenteibanez.cl\/web\/wp-content\/uploads\/2019\/03\/1ff77365-835c-4b7c-a285-393942f5bca8-300x225.jpg 300w, https:\/\/www.radiopresidenteibanez.cl\/web\/wp-content\/uploads\/2019\/03\/1ff77365-835c-4b7c-a285-393942f5bca8-768x576.jpg 768w, https:\/\/www.radiopresidenteibanez.cl\/web\/wp-content\/uploads\/2019\/03\/1ff77365-835c-4b7c-a285-393942f5bca8.jpg 1280w\" sizes=\"auto, (max-width: 1024px) 100vw, 1024px\" \/><\/figure><\/li><\/ul>\n","protected":false},"excerpt":{"rendered":"","protected":false},"author":2,"featured_media":2239,"comment_status":"closed","ping_status":"closed","sticky":false,"template":"","format":"standard","meta":{"footnotes":""},"categories":[1],"tags":[],"class_list":["post-2238","post","type-post","status-publish","format-standard","has-post-thumbnail","hentry","category-cronica"],"_links":{"self":[{"href":"https:\/\/www.radiopresidenteibanez.cl\/web\/wp-json\/wp\/v2\/posts\/2238","targetHints":{"allow":["GET"]}}],"collection":[{"href":"https:\/\/www.radiopresidenteibanez.cl\/web\/wp-json\/wp\/v2\/posts"}],"about":[{"href":"https:\/\/www.radiopresidenteibanez.cl\/web\/wp-json\/wp\/v2\/types\/post"}],"author":[{"embeddable":true,"href":"https:\/\/www.radiopresidenteibanez.cl\/web\/wp-json\/wp\/v2\/users\/2"}],"replies":[{"embeddable":true,"href":"https:\/\/www.radiopresidenteibanez.cl\/web\/wp-json\/wp\/v2\/comments?post=2238"}],"version-history":[{"count":0,"href":"https:\/\/www.radiopresidenteibanez.cl\/web\/wp-json\/wp\/v2\/posts\/2238\/revisions"}],"wp:featuredmedia":[{"embeddable":true,"href":"https:\/\/www.radiopresidenteibanez.cl\/web\/wp-json\/wp\/v2\/media\/2239"}],"wp:attachment":[{"href":"https:\/\/www.radiopresidenteibanez.cl\/web\/wp-json\/wp\/v2\/media?parent=2238"}],"wp:term":[{"taxonomy":"category","embeddable":true,"href":"https:\/\/www.radiopresidenteibanez.cl\/web\/wp-json\/wp\/v2\/categories?post=2238"},{"taxonomy":"post_tag","embeddable":true,"href":"https:\/\/www.radiopresidenteibanez.cl\/web\/wp-json\/wp\/v2\/tags?post=2238"}],"curies":[{"name":"wp","href":"https:\/\/api.w.org\/{rel}","templated":true}]}}