{"id":22351,"date":"2021-07-16T18:15:00","date_gmt":"2021-07-16T21:15:00","guid":{"rendered":"https:\/\/www.radiopresidenteibanez.cl\/web\/?p=22351"},"modified":"2021-07-16T12:55:00","modified_gmt":"2021-07-16T15:55:00","slug":"del-lobo-un-pelo","status":"publish","type":"post","link":"https:\/\/www.radiopresidenteibanez.cl\/web\/del-lobo-un-pelo\/","title":{"rendered":"DEL LOBO, UN PELO"},"content":{"rendered":"\n<p>Desde el siglo 19 que la mayor\u00eda de los chilenos hemos\nestado luchando por un pa\u00eds descentralizado. Regiones como Concepci\u00f3n y\nValpara\u00edso, y por supuesto Magallanes, por derecho propio, han luchado por a\u00f1os\ncontra un centralismo asfixiante.<\/p>\n\n\n\n<p>Ahora, al fin, se ha dado un paso adelante, con la\ntoma de posesi\u00f3n de los gobernadores, elegidos por voto popular, como m\u00e1ximas\nautoridades de las regiones.<\/p>\n\n\n\n<p>Hace unos d\u00edas, la candidata socialista Paula Narv\u00e1ez\nacus\u00f3 al gobierno de Pi\u00f1era de haber boicoteado la convenci\u00f3n constitucional,\nacusaci\u00f3n que el gobierno neg\u00f3. Puede que no sea verdad, pero todos los\nchilenos vimos que el gobierno no entreg\u00f3 computadores y otras facilidades\nm\u00ednimas para que la Convenci\u00f3n funcionara, ni siquiera las medidas sanitarias\nque tanto proclama. La verdad es que al gobierno no le gusta la Convenci\u00f3n. La\nderecha siempre se opuso al cambio de la Constituci\u00f3n de la dictadura.<\/p>\n\n\n\n<p>Tampoco le simpatizan los gobernadores. Ello qued\u00f3 en\nevidencia con la disminuci\u00f3n de presupuesto para ellos, que despu\u00e9s debi\u00f3\nrevertirse ante la presi\u00f3n pol\u00edtica y con la actitud de intendentes, cono la de\nMagallanes, que con prepotencia anunci\u00f3 que no le iba a entregar el edificio de\nla Gobernaci\u00f3n a Jorge Flies. Es cierto que igual tuvo que irse, pero su\nactitud, fue la misma de otros intendentes, representantes del Presidente, que\nrecibieron hoscamente a los gobernadores.<\/p>\n\n\n\n<p>La elecci\u00f3n de los gobernadores es un paso adelante,\npero no definitivo, mientras no se les entreguen todas las atribuciones que\nrequieren y tengan a los delegados presidenciales respirando en sus espaldas.<\/p>\n\n\n\n<p>Pero, del lobo, un pelo, es decir, peor es nada.<\/p>\n","protected":false},"excerpt":{"rendered":"<p>Desde el siglo 19 que la mayor\u00eda de los chilenos hemos estado luchando por un pa\u00eds descentralizado. Regiones como Concepci\u00f3n y Valpara\u00edso, y por supuesto Magallanes, por derecho propio, han&#8230; <a class=\"read-more\" href=\"https:\/\/www.radiopresidenteibanez.cl\/web\/del-lobo-un-pelo\/\">Leer m\u00e1s<\/a><\/p>\n","protected":false},"author":2,"featured_media":22352,"comment_status":"closed","ping_status":"closed","sticky":false,"template":"","format":"standard","meta":{"footnotes":""},"categories":[73,1],"tags":[],"class_list":["post-22351","post","type-post","status-publish","format-standard","has-post-thumbnail","hentry","category-columna-opinion","category-cronica"],"_links":{"self":[{"href":"https:\/\/www.radiopresidenteibanez.cl\/web\/wp-json\/wp\/v2\/posts\/22351","targetHints":{"allow":["GET"]}}],"collection":[{"href":"https:\/\/www.radiopresidenteibanez.cl\/web\/wp-json\/wp\/v2\/posts"}],"about":[{"href":"https:\/\/www.radiopresidenteibanez.cl\/web\/wp-json\/wp\/v2\/types\/post"}],"author":[{"embeddable":true,"href":"https:\/\/www.radiopresidenteibanez.cl\/web\/wp-json\/wp\/v2\/users\/2"}],"replies":[{"embeddable":true,"href":"https:\/\/www.radiopresidenteibanez.cl\/web\/wp-json\/wp\/v2\/comments?post=22351"}],"version-history":[{"count":0,"href":"https:\/\/www.radiopresidenteibanez.cl\/web\/wp-json\/wp\/v2\/posts\/22351\/revisions"}],"wp:featuredmedia":[{"embeddable":true,"href":"https:\/\/www.radiopresidenteibanez.cl\/web\/wp-json\/wp\/v2\/media\/22352"}],"wp:attachment":[{"href":"https:\/\/www.radiopresidenteibanez.cl\/web\/wp-json\/wp\/v2\/media?parent=22351"}],"wp:term":[{"taxonomy":"category","embeddable":true,"href":"https:\/\/www.radiopresidenteibanez.cl\/web\/wp-json\/wp\/v2\/categories?post=22351"},{"taxonomy":"post_tag","embeddable":true,"href":"https:\/\/www.radiopresidenteibanez.cl\/web\/wp-json\/wp\/v2\/tags?post=22351"}],"curies":[{"name":"wp","href":"https:\/\/api.w.org\/{rel}","templated":true}]}}