{"id":22345,"date":"2021-07-16T15:37:00","date_gmt":"2021-07-16T18:37:00","guid":{"rendered":"https:\/\/www.radiopresidenteibanez.cl\/web\/?p=22345"},"modified":"2021-07-16T12:44:13","modified_gmt":"2021-07-16T15:44:13","slug":"gobernadores-fueron-ratificados-como-delegados-presidenciales-de-sus-provincias","status":"publish","type":"post","link":"https:\/\/www.radiopresidenteibanez.cl\/web\/gobernadores-fueron-ratificados-como-delegados-presidenciales-de-sus-provincias\/","title":{"rendered":"GOBERNADORES FUERON RATIFICADOS COMO DELEGADOS PRESIDENCIALES DE SUS PROVINCIAS"},"content":{"rendered":"\n<p>Con el nombramiento de los tres delegados provinciales de la\nregi\u00f3n se completa el equipo que da paso a la instalaci\u00f3n de la nueva\ninstitucionalidad en Magallanes. El Presidente Sebasti\u00e1n Pi\u00f1era mantuvo en sus\nroles a todos los gobernadores de las provincias: \u00c9ricka Far\u00edas en \u00daltima\nEsperanza; Margarita Norambuena en Tierra del Fuego y Nelson C\u00e1rcamo en\nAnt\u00e1rtica.<\/p>\n\n\n\n<p>La Delegada Presidencial Regional, Jenniffer Rojas, se\nrefiri\u00f3 en detalle al respecto: \u201cYa en este proceso de nueva institucionalidad,\ncomo saben, cerramos las gobernaciones provinciales y damos paso a los Delegado\nPresidenciales Provinciales, as\u00ed es que el d\u00eda de hoy acabamos de confirmar a\nnuestros tres delegados de la provincia de Tierra del Fuego, Margarita Norambuena;\nde la provincia de \u00daltima Esperanza, &nbsp;Ericka Far\u00edas, y el Delegado Presidencial\nProvincial de la provincia Ant\u00e1rtica, Nelson C\u00e1rcamo\u201d, destac\u00f3.<\/p>\n\n\n\n<p>En la misa l\u00ednea, Jenniffer Rojas, destac\u00f3 que: \u201cContenta de\nseguir con este mismo equipo, hemos hecho una buena gesti\u00f3n. Se que nuestros\ndelegados presidenciales conocen mejor que nadie sus territorios, as\u00ed es que\nlos animo a seguir trabajando en conjunto por cada una de nuestras provincias y\ncada una de nuestras comunas\u201d.<\/p>\n\n\n\n<p>Los Delegados Presidenciales estar\u00e1n a cargo de la\ncoordinaci\u00f3n y fiscalizaci\u00f3n de los servicios p\u00fablicos creados por Ley para que\nse cumplan las funciones administrativas en la regi\u00f3n, que dependan del\nPresidente de la Rep\u00fablica a trav\u00e9s de un Ministerio. <br>\nEst\u00e1n facultados, adem\u00e1s, en la vigilancia del orden p\u00fablico y adoptar medidas de\nprevenci\u00f3n y mitigaci\u00f3n en caso de situaciones de emergencia o cat\u00e1strofe que\npuedan afectar a la comunidad.<\/p>\n","protected":false},"excerpt":{"rendered":"<p>Con el nombramiento de los tres delegados provinciales de la regi\u00f3n se completa el equipo que da paso a la instalaci\u00f3n de la nueva institucionalidad en Magallanes. El Presidente Sebasti\u00e1n&#8230; <a class=\"read-more\" href=\"https:\/\/www.radiopresidenteibanez.cl\/web\/gobernadores-fueron-ratificados-como-delegados-presidenciales-de-sus-provincias\/\">Leer m\u00e1s<\/a><\/p>\n","protected":false},"author":2,"featured_media":22346,"comment_status":"closed","ping_status":"closed","sticky":false,"template":"","format":"standard","meta":{"footnotes":""},"categories":[1],"tags":[],"class_list":["post-22345","post","type-post","status-publish","format-standard","has-post-thumbnail","hentry","category-cronica"],"_links":{"self":[{"href":"https:\/\/www.radiopresidenteibanez.cl\/web\/wp-json\/wp\/v2\/posts\/22345","targetHints":{"allow":["GET"]}}],"collection":[{"href":"https:\/\/www.radiopresidenteibanez.cl\/web\/wp-json\/wp\/v2\/posts"}],"about":[{"href":"https:\/\/www.radiopresidenteibanez.cl\/web\/wp-json\/wp\/v2\/types\/post"}],"author":[{"embeddable":true,"href":"https:\/\/www.radiopresidenteibanez.cl\/web\/wp-json\/wp\/v2\/users\/2"}],"replies":[{"embeddable":true,"href":"https:\/\/www.radiopresidenteibanez.cl\/web\/wp-json\/wp\/v2\/comments?post=22345"}],"version-history":[{"count":0,"href":"https:\/\/www.radiopresidenteibanez.cl\/web\/wp-json\/wp\/v2\/posts\/22345\/revisions"}],"wp:featuredmedia":[{"embeddable":true,"href":"https:\/\/www.radiopresidenteibanez.cl\/web\/wp-json\/wp\/v2\/media\/22346"}],"wp:attachment":[{"href":"https:\/\/www.radiopresidenteibanez.cl\/web\/wp-json\/wp\/v2\/media?parent=22345"}],"wp:term":[{"taxonomy":"category","embeddable":true,"href":"https:\/\/www.radiopresidenteibanez.cl\/web\/wp-json\/wp\/v2\/categories?post=22345"},{"taxonomy":"post_tag","embeddable":true,"href":"https:\/\/www.radiopresidenteibanez.cl\/web\/wp-json\/wp\/v2\/tags?post=22345"}],"curies":[{"name":"wp","href":"https:\/\/api.w.org\/{rel}","templated":true}]}}