{"id":22324,"date":"2021-07-15T15:45:00","date_gmt":"2021-07-15T18:45:00","guid":{"rendered":"https:\/\/www.radiopresidenteibanez.cl\/web\/?p=22324"},"modified":"2021-07-15T11:25:16","modified_gmt":"2021-07-15T14:25:16","slug":"alcalde-radonich-dijo-que-insistira-en-la-necesidad-de-postergar-desmunicipalizacion","status":"publish","type":"post","link":"https:\/\/www.radiopresidenteibanez.cl\/web\/alcalde-radonich-dijo-que-insistira-en-la-necesidad-de-postergar-desmunicipalizacion\/","title":{"rendered":"ALCALDE RADONICH DIJO QUE INSISTIR\u00c1 EN LA NECESIDAD DE POSTERGAR  DESMUNICIPALIZACI\u00d3N"},"content":{"rendered":"\n<p>En una extensa reuni\u00f3n desarrollada entre el secretario ministerial de Educaci\u00f3n, Rodrigo Sep\u00falveda y el Alcalde Claudio Radonich, se trataron tres temas fundamentales para el desarrollo de los procesos que se avecinan, entre ellos el regreso gradual y paulatino a clases, pero tambi\u00e9n el pol\u00e9mico traspaso a los nuevos Servicios Locales de Educaci\u00f3n vinculados a la desmunicipalizaci\u00f3n, algo que genera discrepancias, dudas y poca claridad al d\u00eda de hoy.<\/p>\n\n\n\n<p>En ese sentido, Radonich plante\u00f3 que \u201cnosotros enviamos la solicitud de la extensi\u00f3n de plazo, pero creo que es bueno tambi\u00e9n que se aclaren estas dudas, y esperamos tener una nueva reuni\u00f3n los pr\u00f3ximos d\u00edas con datos concretos, de la situaci\u00f3n de Punta Arenas junto a otros actores locales junto a los concejales de nuestra comuna\u201d.<\/p>\n\n\n\n<p>Asimismo, el jefe comunal dijo que es importante dar las garant\u00edas a los pap\u00e1s que los servicios educativos se mantienen tal cual, pero con otro empleador, lo que no debiese afectar la continuidad del proceso en ning\u00fan caso.<\/p>\n\n\n\n<p>Por otro lado, agreg\u00f3 que luego de la conversaci\u00f3n con el seremi, logr\u00f3 aclarar ciertas dudas, como por ejemplo que \u201ctodos los profesores titulares, se mantienen tal cual trabajando; los a contrata tambi\u00e9n, hasta el a\u00f1o 2024, donde reci\u00e9n se puede ver su permanencia; los asistentes de la educaci\u00f3n se mantienen trabajando, y solamente habr\u00e1 cambios respecto de los funcionarios de la administraci\u00f3n, por algo muy l\u00f3gico, ya que habr\u00eda un solo sostenedor en la regi\u00f3n\u201d.<\/p>\n\n\n\n<p>En paralelo, el representante del MINEDUC en Magallanes, explic\u00f3 que \u201cpara nosotros como secretar\u00eda regional es s\u00faper importante la claridad de las fechas y los procedimientos de los Servicios Locales de Educaci\u00f3n. A nosotros s\u00f3lo nos corresponde facilitar y acompa\u00f1ar en este proceso de instalaci\u00f3n para entregar tranquilidad a todas las partes involucradas\u201d.<\/p>\n\n\n\n<p>El consejo asesor, externo al Gobierno, entreg\u00f3 las disposiciones para 6 servicios locales que mantienen hasta hoy sus fechas estipuladas.<\/p>\n\n\n\n<p>En ese sentido, el Alcalde Radonich record\u00f3 que envi\u00f3 un oficio, el pasado 9 de julio del a\u00f1o en curso, a los integrantes de dicho Consejo, as\u00ed como tambi\u00e9n el Ministro Figueroa, para que consideren la alternativa de postergar la puesta en marcha de la desmunicipalizaci\u00f3n, tal como lo hizo en el mes de abril sin obtener respuesta formal a la solicitud.<\/p>\n\n\n\n<p><\/p>\n","protected":false},"excerpt":{"rendered":"<p>En una extensa reuni\u00f3n desarrollada entre el secretario ministerial de Educaci\u00f3n, Rodrigo Sep\u00falveda y el Alcalde Claudio Radonich, se trataron tres temas fundamentales para el desarrollo de los procesos que&#8230; <a class=\"read-more\" href=\"https:\/\/www.radiopresidenteibanez.cl\/web\/alcalde-radonich-dijo-que-insistira-en-la-necesidad-de-postergar-desmunicipalizacion\/\">Leer m\u00e1s<\/a><\/p>\n","protected":false},"author":2,"featured_media":22325,"comment_status":"closed","ping_status":"closed","sticky":false,"template":"","format":"standard","meta":{"footnotes":""},"categories":[1],"tags":[],"class_list":["post-22324","post","type-post","status-publish","format-standard","has-post-thumbnail","hentry","category-cronica"],"_links":{"self":[{"href":"https:\/\/www.radiopresidenteibanez.cl\/web\/wp-json\/wp\/v2\/posts\/22324","targetHints":{"allow":["GET"]}}],"collection":[{"href":"https:\/\/www.radiopresidenteibanez.cl\/web\/wp-json\/wp\/v2\/posts"}],"about":[{"href":"https:\/\/www.radiopresidenteibanez.cl\/web\/wp-json\/wp\/v2\/types\/post"}],"author":[{"embeddable":true,"href":"https:\/\/www.radiopresidenteibanez.cl\/web\/wp-json\/wp\/v2\/users\/2"}],"replies":[{"embeddable":true,"href":"https:\/\/www.radiopresidenteibanez.cl\/web\/wp-json\/wp\/v2\/comments?post=22324"}],"version-history":[{"count":0,"href":"https:\/\/www.radiopresidenteibanez.cl\/web\/wp-json\/wp\/v2\/posts\/22324\/revisions"}],"wp:featuredmedia":[{"embeddable":true,"href":"https:\/\/www.radiopresidenteibanez.cl\/web\/wp-json\/wp\/v2\/media\/22325"}],"wp:attachment":[{"href":"https:\/\/www.radiopresidenteibanez.cl\/web\/wp-json\/wp\/v2\/media?parent=22324"}],"wp:term":[{"taxonomy":"category","embeddable":true,"href":"https:\/\/www.radiopresidenteibanez.cl\/web\/wp-json\/wp\/v2\/categories?post=22324"},{"taxonomy":"post_tag","embeddable":true,"href":"https:\/\/www.radiopresidenteibanez.cl\/web\/wp-json\/wp\/v2\/tags?post=22324"}],"curies":[{"name":"wp","href":"https:\/\/api.w.org\/{rel}","templated":true}]}}