{"id":2232,"date":"2019-03-14T14:36:52","date_gmt":"2019-03-14T14:36:52","guid":{"rendered":"http:\/\/www.radiopresidenteibanez.cl\/web\/?p=2232"},"modified":"2019-03-14T14:37:16","modified_gmt":"2019-03-14T14:37:16","slug":"se-realizan-labores-de-busqueda-para-encontrar-a-joven-extraviado","status":"publish","type":"post","link":"https:\/\/www.radiopresidenteibanez.cl\/web\/se-realizan-labores-de-busqueda-para-encontrar-a-joven-extraviado\/","title":{"rendered":"SE REALIZAN LABORES DE B\u00daSQUEDA PARA ENCONTRAR A JOVEN EXTRAVIADO"},"content":{"rendered":"\n<p>En dependencias de la Gobernaci\u00f3n\nse realiz\u00f3 un punto de prensa, con parte de la Mesa T\u00e9cnica Provincial de\nEmergencia, liderada por el gobernador Homero Villegas Nu\u00f1ez, la Fuerza \u00c1rea,\nGobernaci\u00f3n Mar\u00edtima y Carabineros por la desaparici\u00f3n del joven de 24 a\u00f1os,\nLuis Alfredo Rivas Paillalef, en el sector del canal Wakefield.<\/p>\n\n\n\n<p>El joven lleg\u00f3 al sector\nmencionado a bordo de la embarcaci\u00f3n \u201cNazareno Primero\u201d y baj\u00f3 a tierra en la\nIsla Santa In\u00e9s. El gobernador Homero Villegas explic\u00f3 que \u201cesta persona se\nextravi\u00f3 el d\u00eda de ayer (martes) y la gobernaci\u00f3n al tomar conocimiento convoc\u00f3\na una mesa t\u00e9cnica de emergencia, por medio de la Unidad de Protecci\u00f3n Civil de\nnuestra gobernaci\u00f3n y se convoc\u00f3 a las Fuerzas Armadas y de Orden, porque una\nde las prioridades para la gobernaci\u00f3n, es proteger la vida de las personas y\nesencialmente estamos preocupados de todas las emergencias y cat\u00e1strofes\u201d <\/p>\n\n\n\n<p>El Comandante Capit\u00e1n de Fragata\nLT Pedro Herrera, de la Gobernaci\u00f3n Mar\u00edtima estableci\u00f3 que \u201cesta es un \u00e1rea\nque se encuentra al sureste de la ciudad de Punta Arenas, a una distancia de\n150 millas n\u00e1uticas de navegaci\u00f3n por los canales, aproximadamente 100 millas\nl\u00ednea recta, la persona, de acuerdo a todos los antecedentes que hemos podido\nrecopilar, no tiene registro mar\u00edtimo, se deduce que puede ser una persona que\nest\u00e1 efectuando labores pesqueras de forma ilegal, pero eso est\u00e1 sujeto a\ninvestigaci\u00f3n. Nosotros estamos dando todo el apoyo t\u00e9cnico en el \u00e1rea y todo\nlo que podamos aportar para ubicar a la persona.<\/p>\n\n\n\n<p>El Coronel de Carabineros,\nRicardo Rubat, &nbsp;manifest\u00f3 haber recibido\nla denuncia por presunta desgracia, a trav\u00e9s de la due\u00f1a de la embarcaci\u00f3n,\nse\u00f1alando que \u201cen torno a eso generamos el encargo a nivel nacional y paralelamente\nse tom\u00f3 contacto con el resto de las instituciones, para realizar este proceso\nde b\u00fasqueda, que tiene que ser en conjunto ya que se requieren medios\nespeciales para realizar estas acciones. En torno a eso tambi\u00e9n tenemos\ndispuesto al equipo GOPE si es necesario para que realice la b\u00fasqueda con la\nFuerza A\u00e9rea.<\/p>\n\n\n\n<p>Al respecto el La Fiscal\u00eda ya\ntiene conocimiento de los hechos y dispuso las acciones necesarias para ubicar\na la persona <\/p>\n\n\n\n<p>El Capit\u00e1n Walter Baumert, reforz\u00f3\nlo anterior manifestando que desde el minuto en que fueron avisados tiene sus\nmedios dispuestos para participar del rescate de esta persona. Explic\u00f3 que \u201cla\nforma m\u00e1s id\u00f3nea para la b\u00fasqueda es por aire por la rapidez que esto conlleva.\nSon 160 kms aproximadamente desde la base Chabunco y se planifica hacer una\nreposici\u00f3n de combustible en San Juan. El sector es un islote, que tiene un\nmurall\u00f3n alto y una pendiente inclinada, lo que ha limitado la b\u00fasqueda, porque\nse registra nubosidad baja, bruma, tanto en Punta Arenas, como en el sector del\nextrav\u00edoi, lo que complica la visualizaci\u00f3n del terreno desde el helic\u00f3ptero, y\nque impide salir hoy (mi\u00e9rcoles) por seguridad y por razones pr\u00e1cticas\u201d.<\/p>\n\n\n\n<p>La b\u00fasqueda continuar\u00e1 ma\u00f1ana y se mantendr\u00e1 informada a la comunidad. Mientras tanto, Carabineros ya contact\u00f3 en Santiago, a la madre del joven extraviado.<\/p>\n\n\n\n<figure class=\"wp-block-image\"><img loading=\"lazy\" decoding=\"async\" width=\"1024\" height=\"768\" src=\"https:\/\/www.radiopresidenteibanez.cl\/web\/wp-content\/uploads\/2019\/03\/WhatsApp-Image-2019-03-13-at-14.14.35-3-1024x768.jpeg\" alt=\"\" class=\"wp-image-2233\" srcset=\"https:\/\/www.radiopresidenteibanez.cl\/web\/wp-content\/uploads\/2019\/03\/WhatsApp-Image-2019-03-13-at-14.14.35-3-1024x768.jpeg 1024w, https:\/\/www.radiopresidenteibanez.cl\/web\/wp-content\/uploads\/2019\/03\/WhatsApp-Image-2019-03-13-at-14.14.35-3-300x225.jpeg 300w, https:\/\/www.radiopresidenteibanez.cl\/web\/wp-content\/uploads\/2019\/03\/WhatsApp-Image-2019-03-13-at-14.14.35-3-768x576.jpeg 768w, https:\/\/www.radiopresidenteibanez.cl\/web\/wp-content\/uploads\/2019\/03\/WhatsApp-Image-2019-03-13-at-14.14.35-3.jpeg 1280w\" sizes=\"auto, (max-width: 1024px) 100vw, 1024px\" \/><\/figure>\n","protected":false},"excerpt":{"rendered":"<p>En dependencias de la Gobernaci\u00f3n se realiz\u00f3 un punto de prensa, con parte de la Mesa T\u00e9cnica Provincial de Emergencia, liderada por el gobernador Homero Villegas Nu\u00f1ez, la Fuerza \u00c1rea,&#8230; <a class=\"read-more\" href=\"https:\/\/www.radiopresidenteibanez.cl\/web\/se-realizan-labores-de-busqueda-para-encontrar-a-joven-extraviado\/\">Leer m\u00e1s<\/a><\/p>\n","protected":false},"author":2,"featured_media":2233,"comment_status":"closed","ping_status":"closed","sticky":false,"template":"","format":"standard","meta":{"footnotes":""},"categories":[1],"tags":[],"class_list":["post-2232","post","type-post","status-publish","format-standard","has-post-thumbnail","hentry","category-cronica"],"_links":{"self":[{"href":"https:\/\/www.radiopresidenteibanez.cl\/web\/wp-json\/wp\/v2\/posts\/2232","targetHints":{"allow":["GET"]}}],"collection":[{"href":"https:\/\/www.radiopresidenteibanez.cl\/web\/wp-json\/wp\/v2\/posts"}],"about":[{"href":"https:\/\/www.radiopresidenteibanez.cl\/web\/wp-json\/wp\/v2\/types\/post"}],"author":[{"embeddable":true,"href":"https:\/\/www.radiopresidenteibanez.cl\/web\/wp-json\/wp\/v2\/users\/2"}],"replies":[{"embeddable":true,"href":"https:\/\/www.radiopresidenteibanez.cl\/web\/wp-json\/wp\/v2\/comments?post=2232"}],"version-history":[{"count":0,"href":"https:\/\/www.radiopresidenteibanez.cl\/web\/wp-json\/wp\/v2\/posts\/2232\/revisions"}],"wp:featuredmedia":[{"embeddable":true,"href":"https:\/\/www.radiopresidenteibanez.cl\/web\/wp-json\/wp\/v2\/media\/2233"}],"wp:attachment":[{"href":"https:\/\/www.radiopresidenteibanez.cl\/web\/wp-json\/wp\/v2\/media?parent=2232"}],"wp:term":[{"taxonomy":"category","embeddable":true,"href":"https:\/\/www.radiopresidenteibanez.cl\/web\/wp-json\/wp\/v2\/categories?post=2232"},{"taxonomy":"post_tag","embeddable":true,"href":"https:\/\/www.radiopresidenteibanez.cl\/web\/wp-json\/wp\/v2\/tags?post=2232"}],"curies":[{"name":"wp","href":"https:\/\/api.w.org\/{rel}","templated":true}]}}