{"id":2226,"date":"2019-03-14T14:29:39","date_gmt":"2019-03-14T14:29:39","guid":{"rendered":"http:\/\/www.radiopresidenteibanez.cl\/web\/?p=2226"},"modified":"2019-03-14T14:29:59","modified_gmt":"2019-03-14T14:29:59","slug":"pdi-y-municipio-coordinan-nuevo-curso-de-monitores-en-seguridad-publica","status":"publish","type":"post","link":"https:\/\/www.radiopresidenteibanez.cl\/web\/pdi-y-municipio-coordinan-nuevo-curso-de-monitores-en-seguridad-publica\/","title":{"rendered":"PDI Y MUNICIPIO COORDINAN NUEVO CURSO  DE MONITORES EN SEGURIDAD P\u00daBLICA"},"content":{"rendered":"\n<p>Coordinar acciones en materia de seguridad en beneficio de quienes viven en\nPunta Arenas fue el objetivo de una reuni\u00f3n realizada entre la prefecto Claudia\nDom\u00ednguez, jefa de la Prefectura Provincial Magallanes y el alcalde de Punta\nArenas, Claudio Radonich. En la cita, las autoridades acordaron que este a\u00f1o los\ndetectives de la PDI impartir\u00e1n nuevamente un curso de monitores en seguridad\np\u00fablica, tal como se hizo entre octubre y noviembre del 2018. <\/p>\n\n\n\n<p>\u201cComo Polic\u00eda de Investigaciones, en vista de los delitos que se est\u00e1n\ndando y dentro del marco de la capacitaci\u00f3n constante y cooperaci\u00f3n mutua con\nla comunidad y el municipio, estamos coordinando el trabajo para capacitar a\njuntas de vecinos, realizar charlas a colegios y trabajar por la seguridad de\nla comuna. Queremos repetir los talleres de monitores en seguridad p\u00fablica que\ntuvieron mucho \u00e9xito\u201d, se\u00f1al\u00f3 la jefa de la Prefectura Provincial Magallanes,\nprefecto Claudia Dom\u00ednguez. &nbsp;<\/p>\n\n\n\n<p>El alcalde Claudio Radonich recalc\u00f3 la importancia de que los vecinos\ncuenten con herramientas y sepan qu\u00e9 hacer si es que son v\u00edctimas de alg\u00fan\ndelito. \u201cEs fundamental que la comunidad est\u00e9 empoderada. El trabajo que se\nrealiz\u00f3 el a\u00f1o pasado con los monitores vamos a continuarlo, as\u00ed que estamos muy\nagradecidos del trabajo de la PDI con la comunidad. Vamos a seguir trabajando\npara que nuestra ciudad siga siendo muy segura y tranquila\u201d, expres\u00f3 el\nalcalde. <\/p>\n\n\n\n<p>El 2018 la Polic\u00eda de Investigaciones certific\u00f3 en Punta Arenas a 48 monitores en seguridad p\u00fablica. Dirigentes vecinales y el personal de patrullaje comunitario de la Municipalidad de Punta Arenas cursaron ocho talleres que abarcaron tem\u00e1ticas como proceso de denuncias, delitos sexuales, tr\u00e1fico y microtr\u00e1fico de drogas, delitos econ\u00f3micos y delitos contra la propiedad. La fecha del nuevo curso ser\u00e1 informada oportunamente por la PDI y el municipio.\u00a0 <\/p>\n\n\n\n<figure class=\"wp-block-image\"><img loading=\"lazy\" decoding=\"async\" width=\"900\" height=\"560\" src=\"https:\/\/www.radiopresidenteibanez.cl\/web\/wp-content\/uploads\/2019\/03\/curso-2018.jpg\" alt=\"\" class=\"wp-image-2227\" srcset=\"https:\/\/www.radiopresidenteibanez.cl\/web\/wp-content\/uploads\/2019\/03\/curso-2018.jpg 900w, https:\/\/www.radiopresidenteibanez.cl\/web\/wp-content\/uploads\/2019\/03\/curso-2018-300x187.jpg 300w, https:\/\/www.radiopresidenteibanez.cl\/web\/wp-content\/uploads\/2019\/03\/curso-2018-768x478.jpg 768w\" sizes=\"auto, (max-width: 900px) 100vw, 900px\" \/><\/figure>\n","protected":false},"excerpt":{"rendered":"<p>Coordinar acciones en materia de seguridad en beneficio de quienes viven en Punta Arenas fue el objetivo de una reuni\u00f3n realizada entre la prefecto Claudia Dom\u00ednguez, jefa de la Prefectura&#8230; <a class=\"read-more\" href=\"https:\/\/www.radiopresidenteibanez.cl\/web\/pdi-y-municipio-coordinan-nuevo-curso-de-monitores-en-seguridad-publica\/\">Leer m\u00e1s<\/a><\/p>\n","protected":false},"author":2,"featured_media":2227,"comment_status":"closed","ping_status":"closed","sticky":false,"template":"","format":"standard","meta":{"footnotes":""},"categories":[1],"tags":[],"class_list":["post-2226","post","type-post","status-publish","format-standard","has-post-thumbnail","hentry","category-cronica"],"_links":{"self":[{"href":"https:\/\/www.radiopresidenteibanez.cl\/web\/wp-json\/wp\/v2\/posts\/2226","targetHints":{"allow":["GET"]}}],"collection":[{"href":"https:\/\/www.radiopresidenteibanez.cl\/web\/wp-json\/wp\/v2\/posts"}],"about":[{"href":"https:\/\/www.radiopresidenteibanez.cl\/web\/wp-json\/wp\/v2\/types\/post"}],"author":[{"embeddable":true,"href":"https:\/\/www.radiopresidenteibanez.cl\/web\/wp-json\/wp\/v2\/users\/2"}],"replies":[{"embeddable":true,"href":"https:\/\/www.radiopresidenteibanez.cl\/web\/wp-json\/wp\/v2\/comments?post=2226"}],"version-history":[{"count":0,"href":"https:\/\/www.radiopresidenteibanez.cl\/web\/wp-json\/wp\/v2\/posts\/2226\/revisions"}],"wp:featuredmedia":[{"embeddable":true,"href":"https:\/\/www.radiopresidenteibanez.cl\/web\/wp-json\/wp\/v2\/media\/2227"}],"wp:attachment":[{"href":"https:\/\/www.radiopresidenteibanez.cl\/web\/wp-json\/wp\/v2\/media?parent=2226"}],"wp:term":[{"taxonomy":"category","embeddable":true,"href":"https:\/\/www.radiopresidenteibanez.cl\/web\/wp-json\/wp\/v2\/categories?post=2226"},{"taxonomy":"post_tag","embeddable":true,"href":"https:\/\/www.radiopresidenteibanez.cl\/web\/wp-json\/wp\/v2\/tags?post=2226"}],"curies":[{"name":"wp","href":"https:\/\/api.w.org\/{rel}","templated":true}]}}