{"id":22249,"date":"2021-07-12T16:07:04","date_gmt":"2021-07-12T19:07:04","guid":{"rendered":"https:\/\/www.radiopresidenteibanez.cl\/web\/?p=22249"},"modified":"2021-07-12T16:07:09","modified_gmt":"2021-07-12T19:07:09","slug":"serviu-finalizo-mejoramiento-de-calles-en-sector-centro-y-sur-de-punta-arenas","status":"publish","type":"post","link":"https:\/\/www.radiopresidenteibanez.cl\/web\/serviu-finalizo-mejoramiento-de-calles-en-sector-centro-y-sur-de-punta-arenas\/","title":{"rendered":"SERVIU FINALIZ\u00d3 MEJORAMIENTO DE CALLES EN SECTOR CENTRO Y SUR DE PUNTA ARENAS"},"content":{"rendered":"\n<p>Como parte del progreso continuo de la conectividad vial desarrollada por el Ministerio de Vivienda y Urbanismo, el Serviu ejecut\u00f3 un proyecto de pavimentaci\u00f3n del tramo conformado por la calle Esteban Robles y pasaje Las Torpederas, en las inmediaciones de la Escuela Espa\u00f1a y el jard\u00edn infantil Continente Blanco y el mejoramiento del pasaje Dubl\u00e9 Almeyda, que conecta calle Chilo\u00e9 con Armando Sanhueza.<\/p>\n\n\n\n<p>Luego de la entrega al uso p\u00fablico de las calles, el director regional de Serviu&nbsp;<strong>Dubalio P\u00e9rez Ruiz<\/strong>, inform\u00f3 que el tramo de Esteban Robles pasaje Las Torpederas,&nbsp;consisti\u00f3 en la pavimentaci\u00f3n de calzada, aceras, accesos vehiculares, obras de aguas lluvias, y la instalaci\u00f3n de soleras y vallas peatonales para el caso de Esteban Robles.&nbsp;<strong>\u201cCon estas mejoras, hemos dado respuesta a un anhelo expresado por los propios residentes y quienes asisten a la Escuela Espa\u00f1a, por lo cual el Ministerio de Vivienda y Urbanismo asumi\u00f3 esta tarea con recursos provenientes del Gobierno Regional<\/strong>\u201d, precis\u00f3.<\/p>\n\n\n\n<p>La autoridad agreg\u00f3 que&nbsp;<strong>\u201cse realizaron importantes ajustes en terreno, mejorando las condiciones de accesibilidad y seguridad vial del sector contiguo al establecimiento educacional, reforzando la instalaci\u00f3n de se\u00f1alizaci\u00f3n vertical y rampas de acceso al recinto. Lo anterior se complement\u00f3 con la renovaci\u00f3n del colector de aguas servidas y la red de gas, trabajo realizado en conjunto con la empresa Gasco Magallanes\u201d.<\/strong><\/p>\n\n\n\n<p>En el segundo sector intervenido, correspondiente al pasaje Dubl\u00e9 Almeyda, de uso preferentemente peatonal, se construy\u00f3 una calzada reforzada con malla electrosoldada en toda su extensi\u00f3n, la que se complet\u00f3 con la confecci\u00f3n de gradas, protecci\u00f3n de postes de alumbrado el\u00e9ctrico y se\u00f1alizaci\u00f3n. Se incorpor\u00f3, adem\u00e1s, soluci\u00f3n de captaci\u00f3n y derivaci\u00f3n de aguas lluvias en el sector de calle Chilo\u00e9, disminuy\u00e9ndose con ello, el escurrimiento de agua en una zona de amplia circulaci\u00f3n peatonal y paraderos de locomoci\u00f3n colectiva.<\/p>\n\n\n\n<figure class=\"wp-block-table\"><table class=\"\"><tbody><tr><td><\/td><\/tr><\/tbody><\/table><\/figure>\n","protected":false},"excerpt":{"rendered":"<p>Como parte del progreso continuo de la conectividad vial desarrollada por el Ministerio de Vivienda y Urbanismo, el Serviu ejecut\u00f3 un proyecto de pavimentaci\u00f3n del tramo conformado por la calle&#8230; <a class=\"read-more\" href=\"https:\/\/www.radiopresidenteibanez.cl\/web\/serviu-finalizo-mejoramiento-de-calles-en-sector-centro-y-sur-de-punta-arenas\/\">Leer m\u00e1s<\/a><\/p>\n","protected":false},"author":2,"featured_media":22250,"comment_status":"closed","ping_status":"closed","sticky":false,"template":"","format":"standard","meta":{"footnotes":""},"categories":[1],"tags":[],"class_list":["post-22249","post","type-post","status-publish","format-standard","has-post-thumbnail","hentry","category-cronica"],"_links":{"self":[{"href":"https:\/\/www.radiopresidenteibanez.cl\/web\/wp-json\/wp\/v2\/posts\/22249","targetHints":{"allow":["GET"]}}],"collection":[{"href":"https:\/\/www.radiopresidenteibanez.cl\/web\/wp-json\/wp\/v2\/posts"}],"about":[{"href":"https:\/\/www.radiopresidenteibanez.cl\/web\/wp-json\/wp\/v2\/types\/post"}],"author":[{"embeddable":true,"href":"https:\/\/www.radiopresidenteibanez.cl\/web\/wp-json\/wp\/v2\/users\/2"}],"replies":[{"embeddable":true,"href":"https:\/\/www.radiopresidenteibanez.cl\/web\/wp-json\/wp\/v2\/comments?post=22249"}],"version-history":[{"count":0,"href":"https:\/\/www.radiopresidenteibanez.cl\/web\/wp-json\/wp\/v2\/posts\/22249\/revisions"}],"wp:featuredmedia":[{"embeddable":true,"href":"https:\/\/www.radiopresidenteibanez.cl\/web\/wp-json\/wp\/v2\/media\/22250"}],"wp:attachment":[{"href":"https:\/\/www.radiopresidenteibanez.cl\/web\/wp-json\/wp\/v2\/media?parent=22249"}],"wp:term":[{"taxonomy":"category","embeddable":true,"href":"https:\/\/www.radiopresidenteibanez.cl\/web\/wp-json\/wp\/v2\/categories?post=22249"},{"taxonomy":"post_tag","embeddable":true,"href":"https:\/\/www.radiopresidenteibanez.cl\/web\/wp-json\/wp\/v2\/tags?post=22249"}],"curies":[{"name":"wp","href":"https:\/\/api.w.org\/{rel}","templated":true}]}}