{"id":2223,"date":"2019-03-14T14:23:32","date_gmt":"2019-03-14T14:23:32","guid":{"rendered":"http:\/\/www.radiopresidenteibanez.cl\/web\/?p=2223"},"modified":"2019-03-14T14:23:59","modified_gmt":"2019-03-14T14:23:59","slug":"dirigentes-sociales-destacaron-la-importancia-del-fondo-de-fortalecimiento-de-organizaciones-de-interes-publico","status":"publish","type":"post","link":"https:\/\/www.radiopresidenteibanez.cl\/web\/dirigentes-sociales-destacaron-la-importancia-del-fondo-de-fortalecimiento-de-organizaciones-de-interes-publico\/","title":{"rendered":"DIRIGENTES SOCIALES DESTACARON LA IMPORTANCIA DEL FONDO  DE FORTALECIMIENTO DE ORGANIZACIONES DE INTER\u00c9S P\u00daBLICO"},"content":{"rendered":"\n<p>Alrededor de 80 representantes de distintas agrupaciones sociales de la provincia de Magallanes participaron en el lanzamiento del Fondo de Fortalecimiento de Organizaciones de Inter\u00e9s P\u00fablico 2019 (FFOIP).<\/p>\n\n\n\n<p>En la actividad que fue liderada por la seremi de Gobierno, Alejandra Mu\u00f1oz, la encargada regional de Fondos Concursables de la Segegob, Andrea Mandujano, expuso las principales caracter\u00edsticas de las bases t\u00e9cnicas y administrativas del FFOIP. <\/p>\n\n\n\n<p>La seremi de Gobierno, Alejandra Mu\u00f1oz, destac\u00f3 el incremento de los recursos para las iniciativas de la regi\u00f3n, que este a\u00f1o considera la asignaci\u00f3n de $49.789.920.<\/p>\n\n\n\n<p>\u201cEs importante resaltar el rol del dirigente y fortalecer a las organizaciones de inter\u00e9s p\u00fablico. Hoy tuvimos una gran convocatoria, pudimos conversar, entregarles algunas directrices y dejamos las puertas abiertas para que puedan plantear todas sus inquietudes\u201d, manifesto la seremi Mu\u00f1oz.<\/p>\n\n\n\n<p>Con el aumento de recursos se espera poder adjudicar un mayor n\u00famero de iniciativas para la regi\u00f3n.  <\/p>\n\n\n\n<p>Los proyectos que se financiar\u00e1n pueden ser para ejecutar iniciativas de car\u00e1cter local, regional y nacional orientadas a: fortalecimento de organizaciones de inter\u00e9s p\u00fablico; fortalecimiento a la comunidad; y fortalecimiento a la seguridad y\/o educaci\u00f3n vial.<\/p>\n\n\n\n<p>Para poder postular a este Fondo, la asociaci\u00f3n o agrupaci\u00f3n debe estar inscrita en el catastro de organizaciones de inter\u00e9s p\u00fablico en www.fondodefortalecimiento.gob.cl <\/p>\n\n\n\n<p>El plazo de postulaci\u00f3n en l\u00ednea se inicia el 18 de marzo y se extender\u00e1 hasta el 12 de abril, en tanto que la postulaci\u00f3n por escrito ser\u00e1 hasta el 5 de abril, por lo que las organizaciones deber\u00e1n entregar la documentaci\u00f3n en la oficina de la Secretaria Regional Ministerial de Gobierno.<\/p>\n\n\n\n<p>\u201cEstos recursos son buenos <br>\npara las organizaciones sociales\u201d<\/p>\n\n\n\n<p>Ana Soto de la agrupaci\u00f3n social \u201cEl pilar es nuestra familia\u201d manifesto que \u201cest\u00e1bamos esperando este nuevo llamado para postular y ver qu\u00e9 proyecto podemos presentar. Todas somos madres trabajadoras y tenemos que ver nuestros tiempos para definir cu\u00e1l va a ser nuestra iniciativa\u201d.<\/p>\n\n\n\n<p>En tanto para Eleodoro Andrade, dirigente social de la Corporaci\u00f3n de Tripulantes Jubilados y del Club de Adulto Mayor Playa Norte dijo que \u201cpara los adultos mayores estos Fondos son de gran importancia, porque si hay un ente que le faltan recursos son las organizaciones de adultos mayores. Agradecemos que nos consideren en estos Fondos que finalmente entregar\u00e1 la serem\u00eda de gobierno\u201d.<\/p>\n\n\n\n<figure class=\"wp-block-image\"><img loading=\"lazy\" decoding=\"async\" width=\"1024\" height=\"683\" src=\"https:\/\/www.radiopresidenteibanez.cl\/web\/wp-content\/uploads\/2019\/03\/IMG_9673-1024x683.jpg\" alt=\"\" class=\"wp-image-2224\" srcset=\"https:\/\/www.radiopresidenteibanez.cl\/web\/wp-content\/uploads\/2019\/03\/IMG_9673.jpg 1024w, https:\/\/www.radiopresidenteibanez.cl\/web\/wp-content\/uploads\/2019\/03\/IMG_9673-300x200.jpg 300w, https:\/\/www.radiopresidenteibanez.cl\/web\/wp-content\/uploads\/2019\/03\/IMG_9673-768x512.jpg 768w\" sizes=\"auto, (max-width: 1024px) 100vw, 1024px\" \/><\/figure>\n","protected":false},"excerpt":{"rendered":"<p>Alrededor de 80 representantes de distintas agrupaciones sociales de la provincia de Magallanes participaron en el lanzamiento del Fondo de Fortalecimiento de Organizaciones de Inter\u00e9s P\u00fablico 2019 (FFOIP). En la&#8230; <a class=\"read-more\" href=\"https:\/\/www.radiopresidenteibanez.cl\/web\/dirigentes-sociales-destacaron-la-importancia-del-fondo-de-fortalecimiento-de-organizaciones-de-interes-publico\/\">Leer m\u00e1s<\/a><\/p>\n","protected":false},"author":2,"featured_media":2224,"comment_status":"closed","ping_status":"closed","sticky":false,"template":"","format":"standard","meta":{"footnotes":""},"categories":[1],"tags":[],"class_list":["post-2223","post","type-post","status-publish","format-standard","has-post-thumbnail","hentry","category-cronica"],"_links":{"self":[{"href":"https:\/\/www.radiopresidenteibanez.cl\/web\/wp-json\/wp\/v2\/posts\/2223","targetHints":{"allow":["GET"]}}],"collection":[{"href":"https:\/\/www.radiopresidenteibanez.cl\/web\/wp-json\/wp\/v2\/posts"}],"about":[{"href":"https:\/\/www.radiopresidenteibanez.cl\/web\/wp-json\/wp\/v2\/types\/post"}],"author":[{"embeddable":true,"href":"https:\/\/www.radiopresidenteibanez.cl\/web\/wp-json\/wp\/v2\/users\/2"}],"replies":[{"embeddable":true,"href":"https:\/\/www.radiopresidenteibanez.cl\/web\/wp-json\/wp\/v2\/comments?post=2223"}],"version-history":[{"count":0,"href":"https:\/\/www.radiopresidenteibanez.cl\/web\/wp-json\/wp\/v2\/posts\/2223\/revisions"}],"wp:featuredmedia":[{"embeddable":true,"href":"https:\/\/www.radiopresidenteibanez.cl\/web\/wp-json\/wp\/v2\/media\/2224"}],"wp:attachment":[{"href":"https:\/\/www.radiopresidenteibanez.cl\/web\/wp-json\/wp\/v2\/media?parent=2223"}],"wp:term":[{"taxonomy":"category","embeddable":true,"href":"https:\/\/www.radiopresidenteibanez.cl\/web\/wp-json\/wp\/v2\/categories?post=2223"},{"taxonomy":"post_tag","embeddable":true,"href":"https:\/\/www.radiopresidenteibanez.cl\/web\/wp-json\/wp\/v2\/tags?post=2223"}],"curies":[{"name":"wp","href":"https:\/\/api.w.org\/{rel}","templated":true}]}}