{"id":22212,"date":"2021-07-10T11:47:00","date_gmt":"2021-07-10T14:47:00","guid":{"rendered":"https:\/\/www.radiopresidenteibanez.cl\/web\/?p=22212"},"modified":"2021-07-09T22:34:20","modified_gmt":"2021-07-10T01:34:20","slug":"enap-da-a-conocer-nueva-estructura-que-robustece-operaciones-de-magallanes","status":"publish","type":"post","link":"https:\/\/www.radiopresidenteibanez.cl\/web\/enap-da-a-conocer-nueva-estructura-que-robustece-operaciones-de-magallanes\/","title":{"rendered":"ENAP DA A CONOCER NUEVA ESTRUCTURA QUE ROBUSTECE OPERACIONES DE MAGALLANES"},"content":{"rendered":"\n<p>El Gerente General ENAP E&amp;P\nMagallanes, Pablo Mart\u00ednez, dio a conocer hoy una nueva estructura\norganizacional, la cual busca robustecer las operaciones de la empresa estatal\nen la regi\u00f3n. <\/p>\n\n\n\n<p>Estos cambios contemplan el\nreforzamiento de una estructura focalizada en el desarrollo de las \u00e1reas\ncr\u00edticas del negocio, la b\u00fasqueda de una mayor sustentabilidad y un\nfortalecimiento de la Nueva ENAP que queremos construir en el largo\nplazo.&nbsp;<\/p>\n\n\n\n<p>La nueva estructura se produce tras\nla incorporaci\u00f3n de Pablo Mart\u00ednez, quien asumi\u00f3 en abril de este a\u00f1o como\nGerente General ENAP E&amp;P Magallanes, con reporte directo al Gerente General\nde ENAP, Andr\u00e9s Roccatagliata.&nbsp; <\/p>\n\n\n\n<p>Seg\u00fan se\u00f1al\u00f3 Pablo Mart\u00ednez, \u201cesta\nnueva estructura organizacional busca robustecer las operaciones de ENAP Magallanes, donde se visualizan importantes\noportunidades de crecimiento futuro\u201d.<\/p>\n\n\n\n<p>Asimismo, los cambios\nbuscan incorporar una mayor efectividad\norganizacional y a la vez ordenar los procesos de responsabilidad directa de la\ngerencia de acuerdo con la l\u00f3gica funcional vigente en ENAP. Para ello, se\nenfatiz\u00f3 que habr\u00e1 un fortalecimiento y focalizaci\u00f3n de los tres pilares de la\ngesti\u00f3n de E&amp;P Magallanes:&nbsp;&nbsp;Seguridad, Eficiencia y\nProductividad, y Sustentabilidad.<\/p>\n\n\n\n<p>Entre los cambios\nque se implementar\u00e1n figuran la consolidaci\u00f3n de la Gerencia de Producci\u00f3n y Desarrollo,\nencabezada por Rodrigo Bustamante, la cual est\u00e1 integrada por la Gerencia de Perforaci\u00f3n\ny Reparaci\u00f3n de Pozos, Gerencia Integridad de Activos, Gerencia de Operaci\u00f3n y\nMantenimiento, Subgerencia Obras y Proyectos. A \u00e9stas se suman los Directores\nde los proyectos de Isla, Continente y Aseguramiento Instalaciones Cr\u00edticas.<\/p>\n\n\n\n<p>Las Direcciones de Seguridad y Salud\nOcupacional, Medio Ambiente y el \u00e1rea de Comunidades, pasar\u00e1n&nbsp;a reportar a\nla Gerencia General ENAP E&amp;P Magallanes, con el soporte funcional y\ntransversal de la Gerencia Corporativa de HSEC.&nbsp;<\/p>\n\n\n\n<p>La Gerencia de\nExploraci\u00f3n y Reservorios, el \u00e1rea de Asuntos Ganaderos y la Subgerencia de\nPlaneamiento y Control de Gesti\u00f3n, tambi\u00e9n pasan a depender de la Gerencia\nGeneral ENAP E&amp;P Magallanes.&nbsp;<\/p>\n\n\n\n<p>Adicionalmente,\ny siendo consecuente con el fin de potenciar el rol estrat\u00e9gico de Magallanes,\nse inform\u00f3 que el Director de\nInnovaci\u00f3n y Desarrollo de Nuevos Negocios, Juris Ag\u00fcero, dejar\u00e1 su oficina en\nla casa matriz de ENAP y se radicar\u00e1 en Magallanes con el fin de hacer frente a\nlas crecientes oportunidades que est\u00e1n surgiendo en la regi\u00f3n. Su rol contempla\nser un nexo con los inversionistas que se han acercado a ENAP y se han mostrado\ninteresados en utilizar la infraestructura log\u00edstica y portuaria de la empresa\npara la ejecuci\u00f3n de sus proyectos. <\/p>\n\n\n\n<p>La presencia de Juris Ag\u00fcero en la zona es una\nclara se\u00f1al de descentralizaci\u00f3n en la gesti\u00f3n y una forma de agilizar la toma\nde decisiones.&nbsp; <\/p>\n","protected":false},"excerpt":{"rendered":"<p>El Gerente General ENAP E&amp;P Magallanes, Pablo Mart\u00ednez, dio a conocer hoy una nueva estructura organizacional, la cual busca robustecer las operaciones de la empresa estatal en la regi\u00f3n. Estos&#8230; <a class=\"read-more\" href=\"https:\/\/www.radiopresidenteibanez.cl\/web\/enap-da-a-conocer-nueva-estructura-que-robustece-operaciones-de-magallanes\/\">Leer m\u00e1s<\/a><\/p>\n","protected":false},"author":2,"featured_media":22213,"comment_status":"closed","ping_status":"closed","sticky":false,"template":"","format":"standard","meta":{"footnotes":""},"categories":[1],"tags":[],"class_list":["post-22212","post","type-post","status-publish","format-standard","has-post-thumbnail","hentry","category-cronica"],"_links":{"self":[{"href":"https:\/\/www.radiopresidenteibanez.cl\/web\/wp-json\/wp\/v2\/posts\/22212","targetHints":{"allow":["GET"]}}],"collection":[{"href":"https:\/\/www.radiopresidenteibanez.cl\/web\/wp-json\/wp\/v2\/posts"}],"about":[{"href":"https:\/\/www.radiopresidenteibanez.cl\/web\/wp-json\/wp\/v2\/types\/post"}],"author":[{"embeddable":true,"href":"https:\/\/www.radiopresidenteibanez.cl\/web\/wp-json\/wp\/v2\/users\/2"}],"replies":[{"embeddable":true,"href":"https:\/\/www.radiopresidenteibanez.cl\/web\/wp-json\/wp\/v2\/comments?post=22212"}],"version-history":[{"count":0,"href":"https:\/\/www.radiopresidenteibanez.cl\/web\/wp-json\/wp\/v2\/posts\/22212\/revisions"}],"wp:featuredmedia":[{"embeddable":true,"href":"https:\/\/www.radiopresidenteibanez.cl\/web\/wp-json\/wp\/v2\/media\/22213"}],"wp:attachment":[{"href":"https:\/\/www.radiopresidenteibanez.cl\/web\/wp-json\/wp\/v2\/media?parent=22212"}],"wp:term":[{"taxonomy":"category","embeddable":true,"href":"https:\/\/www.radiopresidenteibanez.cl\/web\/wp-json\/wp\/v2\/categories?post=22212"},{"taxonomy":"post_tag","embeddable":true,"href":"https:\/\/www.radiopresidenteibanez.cl\/web\/wp-json\/wp\/v2\/tags?post=22212"}],"curies":[{"name":"wp","href":"https:\/\/api.w.org\/{rel}","templated":true}]}}