{"id":22209,"date":"2021-07-09T19:26:00","date_gmt":"2021-07-09T22:26:00","guid":{"rendered":"https:\/\/www.radiopresidenteibanez.cl\/web\/?p=22209"},"modified":"2021-07-09T22:31:01","modified_gmt":"2021-07-10T01:31:01","slug":"municipio-de-punta-arenas-y-ejercito-de-chile-realizaron-premiacion-de-concurso-en-el-dia-de-la-bandera","status":"publish","type":"post","link":"https:\/\/www.radiopresidenteibanez.cl\/web\/municipio-de-punta-arenas-y-ejercito-de-chile-realizaron-premiacion-de-concurso-en-el-dia-de-la-bandera\/","title":{"rendered":"MUNICIPIO DE PUNTA ARENAS Y EJ\u00c9RCITO DE CHILE REALIZARON PREMIACI\u00d3N DE CONCURSO EN EL D\u00cdA DE LA BANDERA"},"content":{"rendered":"\n<p> Una gran participaci\u00f3n concit\u00f3 la realizaci\u00f3n del concurso de dibujo \u201cTu bandera con vida y color\u201d, organizado por el Municipio de Punta Arenas y el Ej\u00e9rcito de Chile, para conmemorar, de la mano de ni\u00f1as y ni\u00f1os de colegios municipalizados, el D\u00eda de la Bandera este 9 de julio.<\/p>\n\n\n\n<p><br>\u201cPara nosotros como Municipio ha sido muy importante apoyar al Ej\u00e9rcito en esta actividad tan relevante como es permitir que nuestros ni\u00f1os participen y reconozcan nuestros emblemas patrios, en este caso en homenaje a la Bandera, hoy en este d\u00eda en que celebramos el D\u00eda de la Bandera, ha sido muy satisfactorio poder ver los trabajos. Es muy bonito ver tantos ni\u00f1os que participaron y que de alguna manera permite que ellos tambi\u00e9n, en el desarrollo de sus vidas, reconozcan el emblema patrio\u201d, afirm\u00f3 la alcaldesa (S), Elena Blackwood.<\/p>\n\n\n\n<p><br>Por su parte, el Coronel Jos\u00e9 Manuel Soto Escala, Comandante de la 4\u00b0 Brigada Acorazada Chorrillos, indic\u00f3 que \u201ctuvo una muy buena acogida por parte de los colegios de la Municipalidad. Eso, a nosotros como Ej\u00e9rcito, nos llena de orgullo, ya que pudimos premiar a quienes se destacaron y que representaron de muy buena manera nuestra Bandera\u201d.<\/p>\n\n\n\n<p><br>En la oportunidad, se entreg\u00f3 un reconocimiento a aquellos estudiantes que destacaron por sus trabajos presentados al concurso. \u201cEn mi dibujo expres\u00e9 algunas cosas de Punta Arenas, como los ping\u00fcinos, la playa que est\u00e1 en la Costanera de Punta Arenas y el Cerro de la Cruz\u201d, afirm\u00f3 Pilar Mu\u00f1oz, una de las participantes destacadas.<br>El concurso se realiz\u00f3 entre el 2 y el 7 de julio. <\/p>\n","protected":false},"excerpt":{"rendered":"<p>Una gran participaci\u00f3n concit\u00f3 la realizaci\u00f3n del concurso de dibujo \u201cTu bandera con vida y color\u201d, organizado por el Municipio de Punta Arenas y el Ej\u00e9rcito de Chile, para conmemorar,&#8230; <a class=\"read-more\" href=\"https:\/\/www.radiopresidenteibanez.cl\/web\/municipio-de-punta-arenas-y-ejercito-de-chile-realizaron-premiacion-de-concurso-en-el-dia-de-la-bandera\/\">Leer m\u00e1s<\/a><\/p>\n","protected":false},"author":2,"featured_media":22210,"comment_status":"closed","ping_status":"closed","sticky":false,"template":"","format":"standard","meta":{"footnotes":""},"categories":[1],"tags":[],"class_list":["post-22209","post","type-post","status-publish","format-standard","has-post-thumbnail","hentry","category-cronica"],"_links":{"self":[{"href":"https:\/\/www.radiopresidenteibanez.cl\/web\/wp-json\/wp\/v2\/posts\/22209","targetHints":{"allow":["GET"]}}],"collection":[{"href":"https:\/\/www.radiopresidenteibanez.cl\/web\/wp-json\/wp\/v2\/posts"}],"about":[{"href":"https:\/\/www.radiopresidenteibanez.cl\/web\/wp-json\/wp\/v2\/types\/post"}],"author":[{"embeddable":true,"href":"https:\/\/www.radiopresidenteibanez.cl\/web\/wp-json\/wp\/v2\/users\/2"}],"replies":[{"embeddable":true,"href":"https:\/\/www.radiopresidenteibanez.cl\/web\/wp-json\/wp\/v2\/comments?post=22209"}],"version-history":[{"count":0,"href":"https:\/\/www.radiopresidenteibanez.cl\/web\/wp-json\/wp\/v2\/posts\/22209\/revisions"}],"wp:featuredmedia":[{"embeddable":true,"href":"https:\/\/www.radiopresidenteibanez.cl\/web\/wp-json\/wp\/v2\/media\/22210"}],"wp:attachment":[{"href":"https:\/\/www.radiopresidenteibanez.cl\/web\/wp-json\/wp\/v2\/media?parent=22209"}],"wp:term":[{"taxonomy":"category","embeddable":true,"href":"https:\/\/www.radiopresidenteibanez.cl\/web\/wp-json\/wp\/v2\/categories?post=22209"},{"taxonomy":"post_tag","embeddable":true,"href":"https:\/\/www.radiopresidenteibanez.cl\/web\/wp-json\/wp\/v2\/tags?post=22209"}],"curies":[{"name":"wp","href":"https:\/\/api.w.org\/{rel}","templated":true}]}}