{"id":22200,"date":"2021-07-09T17:45:00","date_gmt":"2021-07-09T20:45:00","guid":{"rendered":"https:\/\/www.radiopresidenteibanez.cl\/web\/?p=22200"},"modified":"2021-07-09T16:00:06","modified_gmt":"2021-07-09T19:00:06","slug":"gobernador-regional-electo-de-magallanes-y-nuevo-presidente-del-core-asumira-sus-cargos-en-sesion-extraordinaria-de-caracter-solemne","status":"publish","type":"post","link":"https:\/\/www.radiopresidenteibanez.cl\/web\/gobernador-regional-electo-de-magallanes-y-nuevo-presidente-del-core-asumira-sus-cargos-en-sesion-extraordinaria-de-caracter-solemne\/","title":{"rendered":"GOBERNADOR REGIONAL ELECTO DE MAGALLANES Y NUEVO PRESIDENTE DEL CORE ASUMIR\u00c1 SUS CARGOS EN SESI\u00d3N EXTRAORDINARIA DE CAR\u00c1CTER SOLEMNE"},"content":{"rendered":"\n<p>El pr\u00f3ximo mi\u00e9rcoles 14 de julio, en el marco\nde la Tercera Sesi\u00f3n Extraordinaria del CORE con car\u00e1cter de solemne, asumir\u00e1\nsus cargos el primer Gobernador Regional electo y nuevo presidente del Consejo\nRegional de Magallanes y de la Ant\u00e1rtica Chilena, Jorge Flies A\u00f1\u00f3n. La\nceremonia se llevar\u00e1 a cabo a partir de las once horas en el teatro municipal\nJos\u00e9 Bohr de Punta Arenas.<\/p>\n\n\n\n<p>Seg\u00fan coment\u00f3 el presidente del CORE, Tolentino\nSoto, se trata de un hecho hist\u00f3rico que marcar\u00e1 un nuevo hito en el proceso de\ndescentralizaci\u00f3n de los Gobiernos Regionales. \u201cDado el contexto de pandemia\nque nos afecta ser\u00e1 una sesi\u00f3n sobria y austera pero muy simb\u00f3lica, uno de los actos\nrepublicanos y democr\u00e1ticos m\u00e1s importantes del \u00faltimo tiempo. A partir de ahora\ncontaremos con una primera autoridad regional electa, la cual adem\u00e1s presidir\u00e1\ny ser\u00e1 parte del Consejo Regional, organismo que tambi\u00e9n es elegido por la\nciudadan\u00eda. Debemos seguir avanzando en descentralizaci\u00f3n, este es un proceso\nque est\u00e1 comenzando y cada d\u00eda las regiones deben ser m\u00e1s aut\u00f3nomas\u201d, afirm\u00f3. <\/p>\n\n\n\n<p>Cabe se\u00f1alar que para la ocasi\u00f3n, la\nparticipaci\u00f3n tanto de autoridades como de p\u00fablico en el recinto ser\u00e1 acotada\ndebiendo ajustarse estrictamente a las medidas y aforos permitidos por la\nautoridad sanitaria para evitar la propagaci\u00f3n del virus COVID-19. &nbsp;Sin embargo dada la connotaci\u00f3n de esta sesi\u00f3n\nsolemne y con la finalidad de hacer part\u00edcipe a toda la comunidad, ser\u00e1 trasmitida\npor la se\u00f1al abierta de ITV Patagonia (canales 11, 24 TV Red Punta Arenas, 8 TV\nRed Puerto Natales, 16 TV Red Porvenir, 11.1 televisi\u00f3n abierta digital HD), por\nel canal YouTube del Consejo Regional enlace <a href=\"http:\/\/www.coremagallanes.cl\/senal-en-vivo\/\">http:\/\/www.coremagallanes.cl\/senal-en-vivo\/<\/a> y por la p\u00e1gina Facebook del GORE Magallanes. <\/p>\n\n\n\n<p>Algunas de las facultades que tendr\u00e1 el\nGobernador Regional, en su calidad de \u00f3rgano ejecutivo del Gobierno Regional de\nacuerdo a la Ley 21.074 ser\u00e1n: Formular pol\u00edticas de desarrollo, considerando\nlas pol\u00edticas y planes comunales utilizando criterios orientados a reducir la pobreza,\nfomentar la creaci\u00f3n de empleos y todos aquellos que est\u00e9n destinados a\npromover el desarrollo de los habitantes de la regi\u00f3n. Someter al consejo regional\nlas pol\u00edticas, estrategias y proyectos de planes regionales. Proveer la\nejecuci\u00f3n de pol\u00edticas, estrategias y planes de desarrollo regional. Someter al\nconsejo regional el proyecto de presupuesto del gobierno regional. Proponer al\nconsejo regional la distribuci\u00f3n de los recursos de los programas de inversi\u00f3n\ndel gobierno regional, as\u00ed como de las inversiones sectoriales de asignaci\u00f3n\nregional. Proponer al consejo regional la celebraci\u00f3n de los convenios de\nprogramaci\u00f3n. Proponer al consejo regional los proyectos reglamentos regionales\nque regulen materias propias de la competencia del gobierno regional, en\nconformidad a las leyes y a los reglamentos supremos correspondientes. Representar\njudicial y extrajudicialmente al gobierno regional, pudiendo ejecutar los actos\ny celebrar los contratos de su competencia o los que le encomiende el consejo. Velar\npor el cumplimiento de las normas sobre probidad administrativa. Ejercer la\nadministraci\u00f3n de los bienes y recursos propios del gobierno regional, con\nsujeci\u00f3n a las disposiciones legales y reglamentarias aplicables y a las normas\nque el consejo regional pueda adoptar sobre la materia. Administrar, en los\ncasos que determine la ley, los bienes nacionales de uso p\u00fablico. Coordinar,\nsupervigilar o fiscalizar, seg\u00fan corresponda, a los servicios p\u00fablicos que\ndependan o se relacionen con el gobierno regional respectivo. Dictar las\nresoluciones e instrucciones que estime necesarias para el ejercicio de sus\natribuciones. Promulgar, previo acuerdo del consejo regional, el plan regional\nde ordenamiento territorial, los planes reguladores metropolitanos e intercomunales,\ncomunales y seccionales. Someter al consejo regional la propuesta de\nterritorios como zonas rezagadas y su respectivo plan de desarrollo, el plan\nregional de desarrollo tur\u00edstico y el anteproyecto regional de inversiones,\nentre otras. <\/p>\n","protected":false},"excerpt":{"rendered":"<p>El pr\u00f3ximo mi\u00e9rcoles 14 de julio, en el marco de la Tercera Sesi\u00f3n Extraordinaria del CORE con car\u00e1cter de solemne, asumir\u00e1 sus cargos el primer Gobernador Regional electo y nuevo&#8230; <a class=\"read-more\" href=\"https:\/\/www.radiopresidenteibanez.cl\/web\/gobernador-regional-electo-de-magallanes-y-nuevo-presidente-del-core-asumira-sus-cargos-en-sesion-extraordinaria-de-caracter-solemne\/\">Leer m\u00e1s<\/a><\/p>\n","protected":false},"author":2,"featured_media":22201,"comment_status":"closed","ping_status":"closed","sticky":false,"template":"","format":"standard","meta":{"footnotes":""},"categories":[1],"tags":[],"class_list":["post-22200","post","type-post","status-publish","format-standard","has-post-thumbnail","hentry","category-cronica"],"_links":{"self":[{"href":"https:\/\/www.radiopresidenteibanez.cl\/web\/wp-json\/wp\/v2\/posts\/22200","targetHints":{"allow":["GET"]}}],"collection":[{"href":"https:\/\/www.radiopresidenteibanez.cl\/web\/wp-json\/wp\/v2\/posts"}],"about":[{"href":"https:\/\/www.radiopresidenteibanez.cl\/web\/wp-json\/wp\/v2\/types\/post"}],"author":[{"embeddable":true,"href":"https:\/\/www.radiopresidenteibanez.cl\/web\/wp-json\/wp\/v2\/users\/2"}],"replies":[{"embeddable":true,"href":"https:\/\/www.radiopresidenteibanez.cl\/web\/wp-json\/wp\/v2\/comments?post=22200"}],"version-history":[{"count":0,"href":"https:\/\/www.radiopresidenteibanez.cl\/web\/wp-json\/wp\/v2\/posts\/22200\/revisions"}],"wp:featuredmedia":[{"embeddable":true,"href":"https:\/\/www.radiopresidenteibanez.cl\/web\/wp-json\/wp\/v2\/media\/22201"}],"wp:attachment":[{"href":"https:\/\/www.radiopresidenteibanez.cl\/web\/wp-json\/wp\/v2\/media?parent=22200"}],"wp:term":[{"taxonomy":"category","embeddable":true,"href":"https:\/\/www.radiopresidenteibanez.cl\/web\/wp-json\/wp\/v2\/categories?post=22200"},{"taxonomy":"post_tag","embeddable":true,"href":"https:\/\/www.radiopresidenteibanez.cl\/web\/wp-json\/wp\/v2\/tags?post=22200"}],"curies":[{"name":"wp","href":"https:\/\/api.w.org\/{rel}","templated":true}]}}