{"id":222,"date":"2019-01-04T14:18:22","date_gmt":"2019-01-04T14:18:22","guid":{"rendered":"http:\/\/www.radiopresidenteibanez.cl\/web\/?p=222"},"modified":"2019-01-04T14:18:40","modified_gmt":"2019-01-04T14:18:40","slug":"senadora-goic-toda-madre-tiene-el-derecho-a-amamantar-a-sus-hijos-e-hijas-libremente-en-cualquier-lugar","status":"publish","type":"post","link":"https:\/\/www.radiopresidenteibanez.cl\/web\/senadora-goic-toda-madre-tiene-el-derecho-a-amamantar-a-sus-hijos-e-hijas-libremente-en-cualquier-lugar\/","title":{"rendered":"SENADORA GOIC: \u201cTODA MADRE TIENE EL DERECHO A AMAMANTAR A SUS HIJOS E HIJAS LIBREMENTE EN CUALQUIER LUGAR\u201d"},"content":{"rendered":"\n<p>\u201cEstamos frente a un proyecto que\nestablece medidas para garantizar a las mujeres la libertad de amamantar sin\ndiscriminaci\u00f3n y como un derecho de la ni\u00f1ez el acceso a la lactancia materna,\npues estamos reconociendo el valor fundamental de la maternidad y sancionando\ncualquier discriminaci\u00f3n arbitraria que cause privaci\u00f3n, perturbaci\u00f3n o amenaza\na estos derechos\u201d. <\/p>\n\n\n\n<p>Con estas palabras la senadora\nCarolina Goic, quien es autora de este proyecto, se refiri\u00f3 al importante paso\nque se dio en el Congreso con esta iniciativa que est\u00e1 a punto de convertirse\nen Ley de la Rep\u00fablica.<\/p>\n\n\n\n<p>La parlamentaria magall\u00e1nica\nagreg\u00f3 que en el texto se establece que la lactancia materna podr\u00e1 realizarse\nconforme sea el inter\u00e9s superior del lactante, con el apoyo y colaboraci\u00f3n del\npadre cuando fuese posible, sin que pueda impon\u00e9rseles condiciones o requisitos\nque exijan ocultar el amamantamiento, o restringirlo.<\/p>\n\n\n\n<p>\u201cLos recintos, en ning\u00fan caso,\npodr\u00e1n imponer cobros a las mujeres que deseen ejercer libremente el derecho a\namamantar. El uso de salas especiales de amamantamiento existentes al interior\nde alg\u00fan recinto ser\u00e1 siempre voluntario para las madres. Dichas salas deber\u00e1n\npresentar condiciones adecuadas de higiene, comodidad y seguridad\u201d, expres\u00f3\nGoic.<\/p>\n\n\n\n<p>Seguidamente dijo que todas estas\ngarant\u00edas se extienden tambi\u00e9n a la extracci\u00f3n y almacenamiento de leche\nmaterna. Las madres trabajadoras ejercer\u00e1n este derecho de conformidad a lo\nestablecido en el C\u00f3digo del Trabajo (art. 206) y el empleador deber\u00e1 otorgar\nlas facilidades a la madre para sacarse y conservar adecuadamente su leche.<\/p>\n\n\n\n<p>La senadora Carolina Goic\nmanifest\u00f3 que a su vez la iniciativa contempla adem\u00e1s que se da la posibilidad\nde que todas las madres -cuya condici\u00f3n de salud lo permita- puedan donar\nvoluntariamente su leche para el uso o beneficio de los reci\u00e9n nacidos que no\ntengan posibilidad de ser alimentados por su propia madre o cuando la leche\nproducida por su progenitora constituya un riesgo para la salud del lactante. <\/p>\n\n\n\n<p>Luego agreg\u00f3 que se dar\u00e1 especial\nrelevancia al fomento, protecci\u00f3n y apoyo intersectorial a la lactancia materna\nexclusiva, idealmente hasta los seis meses de edad de infantes lactantes, y su\ncontinuaci\u00f3n a lo menos hasta los dos a\u00f1os de edad complementada con otros\nalimentos.<\/p>\n","protected":false},"excerpt":{"rendered":"<p>\u201cEstamos frente a un proyecto que establece medidas para garantizar a las mujeres la libertad de amamantar sin discriminaci\u00f3n y como un derecho de la ni\u00f1ez el acceso a la&#8230; <a class=\"read-more\" href=\"https:\/\/www.radiopresidenteibanez.cl\/web\/senadora-goic-toda-madre-tiene-el-derecho-a-amamantar-a-sus-hijos-e-hijas-libremente-en-cualquier-lugar\/\">Leer m\u00e1s<\/a><\/p>\n","protected":false},"author":2,"featured_media":223,"comment_status":"closed","ping_status":"closed","sticky":false,"template":"","format":"standard","meta":{"footnotes":""},"categories":[5],"tags":[],"class_list":["post-222","post","type-post","status-publish","format-standard","has-post-thumbnail","hentry","category-politica"],"_links":{"self":[{"href":"https:\/\/www.radiopresidenteibanez.cl\/web\/wp-json\/wp\/v2\/posts\/222","targetHints":{"allow":["GET"]}}],"collection":[{"href":"https:\/\/www.radiopresidenteibanez.cl\/web\/wp-json\/wp\/v2\/posts"}],"about":[{"href":"https:\/\/www.radiopresidenteibanez.cl\/web\/wp-json\/wp\/v2\/types\/post"}],"author":[{"embeddable":true,"href":"https:\/\/www.radiopresidenteibanez.cl\/web\/wp-json\/wp\/v2\/users\/2"}],"replies":[{"embeddable":true,"href":"https:\/\/www.radiopresidenteibanez.cl\/web\/wp-json\/wp\/v2\/comments?post=222"}],"version-history":[{"count":0,"href":"https:\/\/www.radiopresidenteibanez.cl\/web\/wp-json\/wp\/v2\/posts\/222\/revisions"}],"wp:featuredmedia":[{"embeddable":true,"href":"https:\/\/www.radiopresidenteibanez.cl\/web\/wp-json\/wp\/v2\/media\/223"}],"wp:attachment":[{"href":"https:\/\/www.radiopresidenteibanez.cl\/web\/wp-json\/wp\/v2\/media?parent=222"}],"wp:term":[{"taxonomy":"category","embeddable":true,"href":"https:\/\/www.radiopresidenteibanez.cl\/web\/wp-json\/wp\/v2\/categories?post=222"},{"taxonomy":"post_tag","embeddable":true,"href":"https:\/\/www.radiopresidenteibanez.cl\/web\/wp-json\/wp\/v2\/tags?post=222"}],"curies":[{"name":"wp","href":"https:\/\/api.w.org\/{rel}","templated":true}]}}