{"id":22197,"date":"2021-07-09T16:40:00","date_gmt":"2021-07-09T19:40:00","guid":{"rendered":"https:\/\/www.radiopresidenteibanez.cl\/web\/?p=22197"},"modified":"2021-07-09T15:53:15","modified_gmt":"2021-07-09T18:53:15","slug":"blumar-magallanes-suma-nueva-certificacion-proa-para-centro-de-cultivo-perez-de-arce","status":"publish","type":"post","link":"https:\/\/www.radiopresidenteibanez.cl\/web\/blumar-magallanes-suma-nueva-certificacion-proa-para-centro-de-cultivo-perez-de-arce\/","title":{"rendered":"BLUMAR MAGALLANES SUMA NUEVA CERTIFICACI\u00d3N PROA PARA CENTRO DE CULTIVO P\u00c9REZ DE ARCE"},"content":{"rendered":"\n<p>Nuevamente\nBlumar Magallanes obtuvo la certificaci\u00f3n del Programa para la Optimizaci\u00f3n en\nel Uso de Antimicrobianos, PROA, que entrega Sernapesca.<\/p>\n\n\n\n<p>Esta\nvez, corresponde al centro de cultivo P\u00e9rez de Arce, ubicado en la comuna de\nR\u00edo Verde.<\/p>\n\n\n\n<p>De\nesta forma, el centro de cultivo de salmones del atl\u00e1ntico se suma Canal\nBertrand, que fue el primero en recibir esta certificaci\u00f3n de Sernapesca,\ntransform\u00e1ndose en el segundo de la filial en Magallanes en obtener este sello.<\/p>\n\n\n\n<p>\u201cEs\nun gran logro para la empresa contar con un segundo centro certificado PROA. Estamos\norgullosos de que dos de los tres centros de cultivo que, actualmente cuentan\ncon este sello entregado por Sernapesca, para la especie salar, sean de Blumar.\nEste resultado nos motiva y a la vez nos desaf\u00eda a continuar trabajado para sumar\nm\u00e1s certificaciones libres de antibi\u00f3tico, lo que agrega competitividad a\nnuestra compa\u00f1\u00eda y a la industria, mostrando que se va avanzando en el objetivo\nde producci\u00f3n m\u00e1s sustentable\u201d, manifest\u00f3 Pedro Pablo Laporte, Gerente de\nFarming de Salmones Blumar. <\/p>\n\n\n\n<p>El Programa\nde Optimizaci\u00f3n en el Uso de Antimicrobianos, realiza un seguimiento durante todo el ciclo\nproductivo a los centros de cultivo, desde la fase de agua dulce, e incluye la\nsupervisi\u00f3n a la estrategia sanitaria, planes de vacunaci\u00f3n, dietas de los\npeces, etc.<\/p>\n\n\n\n<p>\u201cComo\nequipo estamos muy contentos de contar con un segundo centro de cultivo en\nMagallanes con peces que nunca fueron tratados con antibi\u00f3ticos, ni en el ciclo de\nagua dulce durante sus primeros 10 meses, ni en el ciclo de mar, en los siguientes\n18 meses. Esto reafirma que vamos en la senda correcta, en l\u00ednea con la\nestrategia de la compa\u00f1\u00eda de suministrar el m\u00ednimo de antibi\u00f3ticos a nuestros\nsalmones y de tener siempre la disponibilidad de una importante &nbsp;fracci\u00f3n de la producci\u00f3n en Magallanes con un\nproducto nunca tratado\u201d, coment\u00f3 el gerente regional de Blumar en Magallanes,\nIgnacio Covacevich.<\/p>\n\n\n\n<p>Finalmente, resalt\u00f3 compromiso de todas las\ncolaboradoras y colaboradores de la empresa, que hicieron posible este nuevo\nlogro para la filial de Magallanes. \u201cEsta certificaci\u00f3n reafirma el trabajo\nrealizado por todo el equipo de Blumar Magallanes, que durante todo el ciclo\nestuvo preocupado por el bienestar de los peces, monitoreando su estado,\nplanificando la estrategia de salud, y muy coordinados en la log\u00edstica, para\ncumplir con los tiempos de traslado del alimento para los salmones y en las operaciones,\nvitales para el proceso productivo\u201d, puntualiz\u00f3 Ignacio Covacevich.<\/p>\n","protected":false},"excerpt":{"rendered":"<p>Nuevamente Blumar Magallanes obtuvo la certificaci\u00f3n del Programa para la Optimizaci\u00f3n en el Uso de Antimicrobianos, PROA, que entrega Sernapesca. Esta vez, corresponde al centro de cultivo P\u00e9rez de Arce,&#8230; <a class=\"read-more\" href=\"https:\/\/www.radiopresidenteibanez.cl\/web\/blumar-magallanes-suma-nueva-certificacion-proa-para-centro-de-cultivo-perez-de-arce\/\">Leer m\u00e1s<\/a><\/p>\n","protected":false},"author":2,"featured_media":22198,"comment_status":"closed","ping_status":"closed","sticky":false,"template":"","format":"standard","meta":{"footnotes":""},"categories":[1],"tags":[],"class_list":["post-22197","post","type-post","status-publish","format-standard","has-post-thumbnail","hentry","category-cronica"],"_links":{"self":[{"href":"https:\/\/www.radiopresidenteibanez.cl\/web\/wp-json\/wp\/v2\/posts\/22197","targetHints":{"allow":["GET"]}}],"collection":[{"href":"https:\/\/www.radiopresidenteibanez.cl\/web\/wp-json\/wp\/v2\/posts"}],"about":[{"href":"https:\/\/www.radiopresidenteibanez.cl\/web\/wp-json\/wp\/v2\/types\/post"}],"author":[{"embeddable":true,"href":"https:\/\/www.radiopresidenteibanez.cl\/web\/wp-json\/wp\/v2\/users\/2"}],"replies":[{"embeddable":true,"href":"https:\/\/www.radiopresidenteibanez.cl\/web\/wp-json\/wp\/v2\/comments?post=22197"}],"version-history":[{"count":0,"href":"https:\/\/www.radiopresidenteibanez.cl\/web\/wp-json\/wp\/v2\/posts\/22197\/revisions"}],"wp:featuredmedia":[{"embeddable":true,"href":"https:\/\/www.radiopresidenteibanez.cl\/web\/wp-json\/wp\/v2\/media\/22198"}],"wp:attachment":[{"href":"https:\/\/www.radiopresidenteibanez.cl\/web\/wp-json\/wp\/v2\/media?parent=22197"}],"wp:term":[{"taxonomy":"category","embeddable":true,"href":"https:\/\/www.radiopresidenteibanez.cl\/web\/wp-json\/wp\/v2\/categories?post=22197"},{"taxonomy":"post_tag","embeddable":true,"href":"https:\/\/www.radiopresidenteibanez.cl\/web\/wp-json\/wp\/v2\/tags?post=22197"}],"curies":[{"name":"wp","href":"https:\/\/api.w.org\/{rel}","templated":true}]}}