{"id":22188,"date":"2021-07-09T08:55:00","date_gmt":"2021-07-09T11:55:00","guid":{"rendered":"https:\/\/www.radiopresidenteibanez.cl\/web\/?p=22188"},"modified":"2021-07-09T08:25:56","modified_gmt":"2021-07-09T11:25:56","slug":"prevenir-desde-el-territorio-es-el-desafio-que-tienen-a-cargo-las-cuadrillas-sanitarias-en-tu-barrio-junto-a-dirigentes-y-lideres-sociales","status":"publish","type":"post","link":"https:\/\/www.radiopresidenteibanez.cl\/web\/prevenir-desde-el-territorio-es-el-desafio-que-tienen-a-cargo-las-cuadrillas-sanitarias-en-tu-barrio-junto-a-dirigentes-y-lideres-sociales\/","title":{"rendered":"PREVENIR DESDE EL TERRITORIO: ES EL DESAFIO QUE TIENEN A CARGO LAS CUADRILLAS SANITARIAS EN TU BARRIO JUNTO A DIRIGENTES Y LIDERES SOCIALES"},"content":{"rendered":"\n<p>El 22 de junio pasado la regi\u00f3n de Magallanes se convirti\u00f3 en la\ncuarta zona del pa\u00eds en implementar la Estrategia de Cuadrillas Sanitaria en tu\nBarrio. Esta es una estrategia que busca fortalecer la comunicaci\u00f3n de riesgo,\na trav\u00e9s del trabajo conjunto con l\u00edderes sociales en diversas tem\u00e1ticas de\nsalud, para generar en forma conjunta mensajes validados por los mismos vecinos\nque permitan reforzar las acciones educativas y comunicacionales frente a esta\npandemia, pero en los territorios de cada dirigente.<\/p>\n\n\n\n<p>El\nSEREMI de Salud(S), Eduardo Castillo, se\u00f1al\u00f3 que los\nfacilitadores comunitarios de las Cuadrillas Sanitarias en tu Barrio acercan la\ninformaci\u00f3n de autocuidado para evitar la propagaci\u00f3n del COVID-19 a los\nterritorios como tambi\u00e9n aclarar dudas y responder consultas sobre esta\npandemia. Recordemos, agreg\u00f3, que las estrategias de cuadrillas sanitarias\niniciaron su trabajo en octubre del a\u00f1o pasado orientados, primeramente en la\neducaci\u00f3n individual y en los lugares de alta afluencia de p\u00fablico y ahora se\nsuman a la gesti\u00f3n, las cuadrillas en tu barrio, que a partir del liderazgo\npropio de quienes representan a distintos espacios territoriales y grupales, y\nel acompa\u00f1amiento de los facilitadores comunitarios en salud, permitir\u00e1n\nlevantar y fomentar herramientas \u00fatiles de comunicaci\u00f3n de riesgo en salud.<\/p>\n\n\n\n<p>La encargada regional de esta estrategia, Carla Castillo, explic\u00f3 que,\nhasta la fecha, se ha iniciado un trabajo con los l\u00edderes sociales pertenecen a\nlas juntas de vecinos de Barranco Amarillo, Sue\u00f1os del Andino, Pueblos\nOriginarios, Valle Bicentenario y Villa Las Nieves, quienes fueron capacitados\ny posteriormente en el marco de una visita a la regi\u00f3n, recibieron de manos de\nla Subsecretaria de Salud P\u00fablica, Dra. Paula Daza, sus certificados. <\/p>\n\n\n\n<p>Se siguen gestionados encuentros con nuevos dirigentes. \u201cAyer se\nrealiz\u00f3 un zoom con dirigentes de nuevos sectores que han mostrado su inter\u00e9s\nen conocer esta estrategia, sectores como la Junta de Vecinos Llau-Llau,\nGobernador Philippi, Villa Alfredo Lorca, Poblaci\u00f3n Silva Henriquez y Mardones\nAltos, entre otros\u201d a quienes pudimos presentarles la estrategia e invitarles a\nparticipar para relevar la fluidez de informaci\u00f3n en sus territorios. <\/p>\n\n\n\n<p>Nuestra invitaci\u00f3n\nentonces es como Autoridad Sanitaria a las juntas de vecinos y organizaciones\nsociales que quieran desarrollar un trabajo preventivo en sus territorios y\ncomunidades a contactarse con nuestros coordinadores al correo electr\u00f3nico: <a href=\"mailto:csanitarias.seremi12@redsalud.gov.cl\">csanitarias.seremi12@redsalud.gov.cl<\/a>&nbsp;\nO\nal celular +569 39353888<\/p>\n","protected":false},"excerpt":{"rendered":"<p>El 22 de junio pasado la regi\u00f3n de Magallanes se convirti\u00f3 en la cuarta zona del pa\u00eds en implementar la Estrategia de Cuadrillas Sanitaria en tu Barrio. Esta es una&#8230; <a class=\"read-more\" href=\"https:\/\/www.radiopresidenteibanez.cl\/web\/prevenir-desde-el-territorio-es-el-desafio-que-tienen-a-cargo-las-cuadrillas-sanitarias-en-tu-barrio-junto-a-dirigentes-y-lideres-sociales\/\">Leer m\u00e1s<\/a><\/p>\n","protected":false},"author":2,"featured_media":22189,"comment_status":"closed","ping_status":"closed","sticky":false,"template":"","format":"standard","meta":{"footnotes":""},"categories":[1],"tags":[],"class_list":["post-22188","post","type-post","status-publish","format-standard","has-post-thumbnail","hentry","category-cronica"],"_links":{"self":[{"href":"https:\/\/www.radiopresidenteibanez.cl\/web\/wp-json\/wp\/v2\/posts\/22188","targetHints":{"allow":["GET"]}}],"collection":[{"href":"https:\/\/www.radiopresidenteibanez.cl\/web\/wp-json\/wp\/v2\/posts"}],"about":[{"href":"https:\/\/www.radiopresidenteibanez.cl\/web\/wp-json\/wp\/v2\/types\/post"}],"author":[{"embeddable":true,"href":"https:\/\/www.radiopresidenteibanez.cl\/web\/wp-json\/wp\/v2\/users\/2"}],"replies":[{"embeddable":true,"href":"https:\/\/www.radiopresidenteibanez.cl\/web\/wp-json\/wp\/v2\/comments?post=22188"}],"version-history":[{"count":0,"href":"https:\/\/www.radiopresidenteibanez.cl\/web\/wp-json\/wp\/v2\/posts\/22188\/revisions"}],"wp:featuredmedia":[{"embeddable":true,"href":"https:\/\/www.radiopresidenteibanez.cl\/web\/wp-json\/wp\/v2\/media\/22189"}],"wp:attachment":[{"href":"https:\/\/www.radiopresidenteibanez.cl\/web\/wp-json\/wp\/v2\/media?parent=22188"}],"wp:term":[{"taxonomy":"category","embeddable":true,"href":"https:\/\/www.radiopresidenteibanez.cl\/web\/wp-json\/wp\/v2\/categories?post=22188"},{"taxonomy":"post_tag","embeddable":true,"href":"https:\/\/www.radiopresidenteibanez.cl\/web\/wp-json\/wp\/v2\/tags?post=22188"}],"curies":[{"name":"wp","href":"https:\/\/api.w.org\/{rel}","templated":true}]}}