{"id":22126,"date":"2021-07-07T08:55:00","date_gmt":"2021-07-07T11:55:00","guid":{"rendered":"https:\/\/www.radiopresidenteibanez.cl\/web\/?p=22126"},"modified":"2021-07-07T08:22:10","modified_gmt":"2021-07-07T11:22:10","slug":"vuelve-el-radioteatro-el-siniestro-dr-mortis","status":"publish","type":"post","link":"https:\/\/www.radiopresidenteibanez.cl\/web\/vuelve-el-radioteatro-el-siniestro-dr-mortis\/","title":{"rendered":"VUELVE EL RADIOTEATRO \u00abEL SINIESTRO DR. MORTIS\u00bb"},"content":{"rendered":"\n<p>Este mi\u00e9rcoles 7 de julio en el programa\u00a0<strong><em>\u00abEl \u00faltimo tren a casa\u00bb<\/em><\/strong>\u00a0que produce el Colectivo Aczi\u00f3n Kultural\u00a0 y\u00a0 que conduce Pedro Guichapany regresan las historias de misterio, suspenso y terror narradas por\u00a0<strong>\u00abEl\u00a0 Siniestro Dr. Mortis\u00bb<\/strong>.\u00a0<strong>El Dr. Mortis<\/strong>\u00a0fue un personaje de radioteatro, comic, televisi\u00f3n y novela creado por el magall\u00e1nico Juan Marino Cabello en la d\u00e9cada de 1940.\u00a0 Juan Marino naci\u00f3 en Punta Arenas el 7 de septiembre de 1920\u00a0 y falleci\u00f3 el 12 de junio de 2007 a los 87 a\u00f1os.\u00a0Entre las m\u00faltiples funciones de Juan Marino est\u00e1n la de escritor, guionista, m\u00fasico, actor de radioteatro, compositor y director de orquesta. Su historia radial se remonta al a\u00f1o 1940 cuando realiza el programa \u00abJazz en el Tiempo\u00bb, primer programa radial dedicado al jazz en Chile. Tambi\u00e9n dirigi\u00f3 y produjo los programas \u00abRitmo de Tango\u00bb y \u00abPatio Chileno\u00bb. Pero su mayor creaci\u00f3n ser\u00eda el radioteatro \u00abEl Siniestro Dr. Mortis\u00bb difundi\u00e9ndose primeramente en Punta Arenas y luego en diferentes emisoras de Chile simult\u00e1neamente. La verdadera esencia del personaje nunca fue declarada expl\u00edcitamente por Juan Marino, aunque la interpretaci\u00f3n m\u00e1s probable es que corresponde a una encarnaci\u00f3n de Satan\u00e1s u otro demonio.<\/p>\n\n\n\n<p><br>Cada mi\u00e9rcoles de el mes de julio el \u00abDr. Mortis\u00bb\u00a0 narrar\u00e1 sus historias en dos horarios: 19 hrs. y a la medianoche. Ser\u00e1n dos episodios por jornada.Invitamos a los amantes de este g\u00e9nero radial y del misterio, suspenso y terror, a escuchar a trav\u00e9s de todas las frecuencias de Radio Presidente Ib\u00e1nez estas verdaderas historias de \u00abculto\u00bb.\u00a0<\/p>\n\n\n\n<p><br>Radio Presidente Ib\u00e1\u00f1ez:- 88.5 FM Punta Arenas y Porvenir- Canal 34 Tv Red HD- Facebook Live-\u00a0<a rel=\"noreferrer noopener\" href=\"http:\/\/www.radiopresidenteibanez.cl\/\" target=\"_blank\">http:\/\/www.radiopresidenteibanez.cl<\/a><\/p>\n","protected":false},"excerpt":{"rendered":"<p>Este mi\u00e9rcoles 7 de julio en el programa\u00a0\u00abEl \u00faltimo tren a casa\u00bb\u00a0que produce el Colectivo Aczi\u00f3n Kultural\u00a0 y\u00a0 que conduce Pedro Guichapany regresan las historias de misterio, suspenso y terror&#8230; <a class=\"read-more\" href=\"https:\/\/www.radiopresidenteibanez.cl\/web\/vuelve-el-radioteatro-el-siniestro-dr-mortis\/\">Leer m\u00e1s<\/a><\/p>\n","protected":false},"author":2,"featured_media":22127,"comment_status":"closed","ping_status":"closed","sticky":false,"template":"","format":"standard","meta":{"footnotes":""},"categories":[4],"tags":[],"class_list":["post-22126","post","type-post","status-publish","format-standard","has-post-thumbnail","hentry","category-entretenimiento-y-cultura"],"_links":{"self":[{"href":"https:\/\/www.radiopresidenteibanez.cl\/web\/wp-json\/wp\/v2\/posts\/22126","targetHints":{"allow":["GET"]}}],"collection":[{"href":"https:\/\/www.radiopresidenteibanez.cl\/web\/wp-json\/wp\/v2\/posts"}],"about":[{"href":"https:\/\/www.radiopresidenteibanez.cl\/web\/wp-json\/wp\/v2\/types\/post"}],"author":[{"embeddable":true,"href":"https:\/\/www.radiopresidenteibanez.cl\/web\/wp-json\/wp\/v2\/users\/2"}],"replies":[{"embeddable":true,"href":"https:\/\/www.radiopresidenteibanez.cl\/web\/wp-json\/wp\/v2\/comments?post=22126"}],"version-history":[{"count":0,"href":"https:\/\/www.radiopresidenteibanez.cl\/web\/wp-json\/wp\/v2\/posts\/22126\/revisions"}],"wp:featuredmedia":[{"embeddable":true,"href":"https:\/\/www.radiopresidenteibanez.cl\/web\/wp-json\/wp\/v2\/media\/22127"}],"wp:attachment":[{"href":"https:\/\/www.radiopresidenteibanez.cl\/web\/wp-json\/wp\/v2\/media?parent=22126"}],"wp:term":[{"taxonomy":"category","embeddable":true,"href":"https:\/\/www.radiopresidenteibanez.cl\/web\/wp-json\/wp\/v2\/categories?post=22126"},{"taxonomy":"post_tag","embeddable":true,"href":"https:\/\/www.radiopresidenteibanez.cl\/web\/wp-json\/wp\/v2\/tags?post=22126"}],"curies":[{"name":"wp","href":"https:\/\/api.w.org\/{rel}","templated":true}]}}