{"id":22111,"date":"2021-07-06T17:42:00","date_gmt":"2021-07-06T20:42:00","guid":{"rendered":"https:\/\/www.radiopresidenteibanez.cl\/web\/?p=22111"},"modified":"2021-07-06T16:04:07","modified_gmt":"2021-07-06T19:04:07","slug":"se-iniciaron-las-gestiones-para-el-abastecimiento-de-agua-en-pampa-guanaco","status":"publish","type":"post","link":"https:\/\/www.radiopresidenteibanez.cl\/web\/se-iniciaron-las-gestiones-para-el-abastecimiento-de-agua-en-pampa-guanaco\/","title":{"rendered":"SE INICIARON LAS GESTIONES PARA EL ABASTECIMIENTO DE AGUA EN PAMPA GUANACO"},"content":{"rendered":"\n<p>En sus primeros d\u00edas de gesti\u00f3n\nal mando del municipio de Timaukel, el alcalde Luis Barr\u00eda Andrade junto con\nRodrigo Mor\u00e1n, director de Desarrollo Comunitario de la Municipalidad de\nTimaukel, iniciaron las gestiones para avanzar en el futuro proceso de potabilizaci\u00f3n\ndel agua y alcantarillado de Pampa Guanaco. <\/p>\n\n\n\n<p>La primera acci\u00f3n en esta v\u00eda\nfue el contrato con la consultora \u201cHidrol\u00f3gica Austral Ingenier\u00eda Civil y Medio\nAmbiente Spa\u201d para la realizaci\u00f3n del estudio de prefactibilidad \u201cNormalizaci\u00f3n\nsistema de agua potable y alcantarillado de Pampa Guanaco, Comuna de Timaukel\u201d\nel que fue adjudicado en el marco del Programa de Mejoramiento de Barrios de la\nSUBDERE por un monto de 123 mil millones de pesos. <\/p>\n\n\n\n<p>El jefe comunal isle\u00f1o, se\u00f1al\u00f3\nque \u201ceste proyecto es el principio para el desarrollo de Pampa Guanaco, la\nhabilitaci\u00f3n del alcantarillado permitir\u00e1 el poblamiento del sector y el\nestudio nos ayudar\u00e1 a determinar c\u00f3mo concretar las obras de potabilizaci\u00f3n y\nalcantarillado ya que, adem\u00e1s, esperamos la construcci\u00f3n de 20 viviendas\nsociales\u201d. <\/p>\n\n\n\n<p>Dentro del mismo contexto, la\nautoridad comunal se reuni\u00f3 con Sergio Satelices, director regional de la\nDirecci\u00f3n General de Aguas para revisar las alternativas de suministro y\nevaluar el acceso a los derechos de agua del R\u00edo Catalina. <\/p>\n","protected":false},"excerpt":{"rendered":"<p>En sus primeros d\u00edas de gesti\u00f3n al mando del municipio de Timaukel, el alcalde Luis Barr\u00eda Andrade junto con Rodrigo Mor\u00e1n, director de Desarrollo Comunitario de la Municipalidad de Timaukel,&#8230; <a class=\"read-more\" href=\"https:\/\/www.radiopresidenteibanez.cl\/web\/se-iniciaron-las-gestiones-para-el-abastecimiento-de-agua-en-pampa-guanaco\/\">Leer m\u00e1s<\/a><\/p>\n","protected":false},"author":2,"featured_media":22112,"comment_status":"closed","ping_status":"closed","sticky":false,"template":"","format":"standard","meta":{"footnotes":""},"categories":[1],"tags":[],"class_list":["post-22111","post","type-post","status-publish","format-standard","has-post-thumbnail","hentry","category-cronica"],"_links":{"self":[{"href":"https:\/\/www.radiopresidenteibanez.cl\/web\/wp-json\/wp\/v2\/posts\/22111","targetHints":{"allow":["GET"]}}],"collection":[{"href":"https:\/\/www.radiopresidenteibanez.cl\/web\/wp-json\/wp\/v2\/posts"}],"about":[{"href":"https:\/\/www.radiopresidenteibanez.cl\/web\/wp-json\/wp\/v2\/types\/post"}],"author":[{"embeddable":true,"href":"https:\/\/www.radiopresidenteibanez.cl\/web\/wp-json\/wp\/v2\/users\/2"}],"replies":[{"embeddable":true,"href":"https:\/\/www.radiopresidenteibanez.cl\/web\/wp-json\/wp\/v2\/comments?post=22111"}],"version-history":[{"count":0,"href":"https:\/\/www.radiopresidenteibanez.cl\/web\/wp-json\/wp\/v2\/posts\/22111\/revisions"}],"wp:featuredmedia":[{"embeddable":true,"href":"https:\/\/www.radiopresidenteibanez.cl\/web\/wp-json\/wp\/v2\/media\/22112"}],"wp:attachment":[{"href":"https:\/\/www.radiopresidenteibanez.cl\/web\/wp-json\/wp\/v2\/media?parent=22111"}],"wp:term":[{"taxonomy":"category","embeddable":true,"href":"https:\/\/www.radiopresidenteibanez.cl\/web\/wp-json\/wp\/v2\/categories?post=22111"},{"taxonomy":"post_tag","embeddable":true,"href":"https:\/\/www.radiopresidenteibanez.cl\/web\/wp-json\/wp\/v2\/tags?post=22111"}],"curies":[{"name":"wp","href":"https:\/\/api.w.org\/{rel}","templated":true}]}}