{"id":2201,"date":"2019-03-13T14:15:31","date_gmt":"2019-03-13T14:15:31","guid":{"rendered":"http:\/\/www.radiopresidenteibanez.cl\/web\/?p=2201"},"modified":"2019-03-13T14:15:46","modified_gmt":"2019-03-13T14:15:46","slug":"aniversario-del-cesfam-doctor-juan-lozic-perez","status":"publish","type":"post","link":"https:\/\/www.radiopresidenteibanez.cl\/web\/aniversario-del-cesfam-doctor-juan-lozic-perez\/","title":{"rendered":"ANIVERSARIO DEL CESFAM \u201cDOCTOR JUAN LOZIC P\u00c9REZ\u201d"},"content":{"rendered":"\n<p>En las dependencias del Liceo Polit\u00e9cnico \u201cLuis Cruz Mart\u00ednez\u201d\nse dieron cita las autoridades para realizar una emotiva ceremonia en\nconmemoraci\u00f3n del aniversario n\u00famero 10 del Centro de Salud Familiar \u201cDoctor\nJuan Lozic P\u00e9rez\u201d, condecorando a algunos trabajadores por sus a\u00f1os de servicio\ndesde el 09 de marzo del 2009. <\/p>\n\n\n\n<p>Despu\u00e9s de varios discursos, la ceremonia de &nbsp;premiaciones continu\u00f3 con la entrega de un\ngalvano por parte de las autoridades a los 28 funcionarios que llevan m\u00e1s\ntiempo trabajando en el recinto de salud primaria. Adem\u00e1s de estos\nreconocimientos y saludos, la Corporaci\u00f3n Municipal de Natales prepar\u00f3 un\nc\u00f3ctel para los colaboradores con el fin de agasajarlos y compartir con ellos. <\/p>\n\n\n\n<p>En el evento estuvo presente el alcalde de la comuna,\nla Gobernadora de la Provincia de \u00daltima Esperanza, el Secretario General de la\nCORMUNAT, la Directora del CESFAM, el Director de Salud de la CORMUNAT y todo\nel cuerpo de concejales, los cuales participaron activamente del\nacontecimiento.<\/p>\n\n\n\n<p>El edil natalino, destac\u00f3 que la llegada del CESFAM\npermiti\u00f3 descongestionar al Hospital y entregar controles preventivos a la\ncomunidad, se\u00f1alando que \u201cestos 10 a\u00f1os que est\u00e1 cumpliendo este Centro de\nSalud Familiar son 10 a\u00f1os de mucha experiencia, 10 a\u00f1os de mucho aprendizaje,\npero tambi\u00e9n 10 a\u00f1os que permiten que hoy d\u00eda sea un CESFAM fortalecido\u201d,\nagregando que \u201chay mucha entrega, mucho coraz\u00f3n, mucho entendimiento y hoy d\u00eda\nveo a todos los funcionarios que est\u00e1n trabajando con cari\u00f1o&nbsp; y tambi\u00e9n, la comunidad valora y agradece ese\ncrecimiento que ha tenido el CESFAM hacia el interior\u201d. Paredes termin\u00f3 sus\ndeclaraciones dando una felicitaci\u00f3n especial a los 28 funcionarios que\nrecibieron la distinci\u00f3n, ya que seg\u00fan \u00e9l, la calidad de servicio que entrega\nel CESFAM est\u00e1 directamente relacionada con el compromiso de los funcionarios. <\/p>\n\n\n\n<p>En la misma l\u00ednea, la Directora del Centro de Salud\nFamiliar, Carolina Bastidas, recalc\u00f3 que \u201clos funcionarios por primera vez\nreciben un reconocimiento de coraz\u00f3n en relaci\u00f3n al trabajo que est\u00e1n\nrealizando. D\u00eda a d\u00eda nosotros nos esforzamos por ofrecer prestaciones de mejor\ncalidad. Hoy, fue la instancia en que pudimos darnos cuenta de que vamos\nencaminados hacia mejores prestaciones, vamos encaminados hacia este barco que\nnos dec\u00eda la funcionaria que cumpl\u00eda 23 a\u00f1os de servicio. Esperamos seguir\ntrabajando en red, esperamos seguir trabajando para la comunidad, esperamos\nseguir entregando prestaciones de calidad\u201d, sostuvo. <\/p>\n\n\n\n<p>Adicionalmente a la entrega de los galvanos, palabras de reconocimientos y show musical, se suma una cena planificada por la CORMUNAT en el casino de suboficiales del regimiento \u201cLanceros\u201d para los m\u00e1s de 100 funcionarios del Centro de Salud Familiar \u201cDoctor Juan Lozic P\u00e9rez\u201d, con el fin de compartir esta gran fecha entre todas las personas que trabajan en pos de la prevenci\u00f3n y \u00a0bienestar de toda la comunidad. <\/p>\n\n\n\n<ul class=\"wp-block-gallery columns-2 is-cropped wp-block-gallery-1 is-layout-flex wp-block-gallery-is-layout-flex\"><li class=\"blocks-gallery-item\"><figure><img loading=\"lazy\" decoding=\"async\" width=\"900\" height=\"600\" src=\"https:\/\/www.radiopresidenteibanez.cl\/web\/wp-content\/uploads\/2019\/03\/039A9511.jpg\" alt=\"\" data-id=\"2202\" data-link=\"https:\/\/www.radiopresidenteibanez.cl\/web\/?attachment_id=2202\" class=\"wp-image-2202\" srcset=\"https:\/\/www.radiopresidenteibanez.cl\/web\/wp-content\/uploads\/2019\/03\/039A9511.jpg 900w, https:\/\/www.radiopresidenteibanez.cl\/web\/wp-content\/uploads\/2019\/03\/039A9511-300x200.jpg 300w, https:\/\/www.radiopresidenteibanez.cl\/web\/wp-content\/uploads\/2019\/03\/039A9511-768x512.jpg 768w\" sizes=\"auto, (max-width: 900px) 100vw, 900px\" \/><\/figure><\/li><li class=\"blocks-gallery-item\"><figure><img loading=\"lazy\" decoding=\"async\" width=\"900\" height=\"600\" src=\"https:\/\/www.radiopresidenteibanez.cl\/web\/wp-content\/uploads\/2019\/03\/039A9541.jpg\" alt=\"\" data-id=\"2203\" data-link=\"https:\/\/www.radiopresidenteibanez.cl\/web\/?attachment_id=2203\" class=\"wp-image-2203\" srcset=\"https:\/\/www.radiopresidenteibanez.cl\/web\/wp-content\/uploads\/2019\/03\/039A9541.jpg 900w, https:\/\/www.radiopresidenteibanez.cl\/web\/wp-content\/uploads\/2019\/03\/039A9541-300x200.jpg 300w, https:\/\/www.radiopresidenteibanez.cl\/web\/wp-content\/uploads\/2019\/03\/039A9541-768x512.jpg 768w\" sizes=\"auto, (max-width: 900px) 100vw, 900px\" \/><\/figure><\/li><\/ul>\n","protected":false},"excerpt":{"rendered":"<p>En las dependencias del Liceo Polit\u00e9cnico \u201cLuis Cruz Mart\u00ednez\u201d se dieron cita las autoridades para realizar una emotiva ceremonia en conmemoraci\u00f3n del aniversario n\u00famero 10 del Centro de Salud Familiar&#8230; <a class=\"read-more\" href=\"https:\/\/www.radiopresidenteibanez.cl\/web\/aniversario-del-cesfam-doctor-juan-lozic-perez\/\">Leer m\u00e1s<\/a><\/p>\n","protected":false},"author":2,"featured_media":2203,"comment_status":"closed","ping_status":"closed","sticky":false,"template":"","format":"standard","meta":{"footnotes":""},"categories":[1],"tags":[],"class_list":["post-2201","post","type-post","status-publish","format-standard","has-post-thumbnail","hentry","category-cronica"],"_links":{"self":[{"href":"https:\/\/www.radiopresidenteibanez.cl\/web\/wp-json\/wp\/v2\/posts\/2201","targetHints":{"allow":["GET"]}}],"collection":[{"href":"https:\/\/www.radiopresidenteibanez.cl\/web\/wp-json\/wp\/v2\/posts"}],"about":[{"href":"https:\/\/www.radiopresidenteibanez.cl\/web\/wp-json\/wp\/v2\/types\/post"}],"author":[{"embeddable":true,"href":"https:\/\/www.radiopresidenteibanez.cl\/web\/wp-json\/wp\/v2\/users\/2"}],"replies":[{"embeddable":true,"href":"https:\/\/www.radiopresidenteibanez.cl\/web\/wp-json\/wp\/v2\/comments?post=2201"}],"version-history":[{"count":0,"href":"https:\/\/www.radiopresidenteibanez.cl\/web\/wp-json\/wp\/v2\/posts\/2201\/revisions"}],"wp:featuredmedia":[{"embeddable":true,"href":"https:\/\/www.radiopresidenteibanez.cl\/web\/wp-json\/wp\/v2\/media\/2203"}],"wp:attachment":[{"href":"https:\/\/www.radiopresidenteibanez.cl\/web\/wp-json\/wp\/v2\/media?parent=2201"}],"wp:term":[{"taxonomy":"category","embeddable":true,"href":"https:\/\/www.radiopresidenteibanez.cl\/web\/wp-json\/wp\/v2\/categories?post=2201"},{"taxonomy":"post_tag","embeddable":true,"href":"https:\/\/www.radiopresidenteibanez.cl\/web\/wp-json\/wp\/v2\/tags?post=2201"}],"curies":[{"name":"wp","href":"https:\/\/api.w.org\/{rel}","templated":true}]}}