{"id":2198,"date":"2019-03-13T14:09:55","date_gmt":"2019-03-13T14:09:55","guid":{"rendered":"http:\/\/www.radiopresidenteibanez.cl\/web\/?p=2198"},"modified":"2019-03-13T14:10:34","modified_gmt":"2019-03-13T14:10:34","slug":"carta-abierta-de-la-agrupacion-martires-23-de-enero-1919-frente-al-homenaje-municipal-a-los-asesinos-de-los-caidos-en-el-historico-levantamiento-obrero-de-puerto-bories-y-puerto-nata","status":"publish","type":"post","link":"https:\/\/www.radiopresidenteibanez.cl\/web\/carta-abierta-de-la-agrupacion-martires-23-de-enero-1919-frente-al-homenaje-municipal-a-los-asesinos-de-los-caidos-en-el-historico-levantamiento-obrero-de-puerto-bories-y-puerto-nata\/","title":{"rendered":"CARTA ABIERTA DE LA \u201cAGRUPACI\u00d3N M\u00c1RTIRES 23 DE ENERO 1919\u201d FRENTE AL HOMENAJE MUNICIPAL A LOS ASESINOS DE LOS CA\u00cdDOS EN EL HIST\u00d3RICO LEVANTAMIENTO OBRERO DE PUERTO BORIES Y PUERTO NATALES"},"content":{"rendered":"\n<p>No se puede menos que repudiar el\nelocuente y, al mismo tiempo, brillante desatino de nuestra autoridad comunal,\nde militancia derechista y a ultranza, al rendirle homenaje a los asesinos de\ntrabajadores de esta tierra que cayeron, hace 100 a\u00f1os, en el levantamiento\nobrero del 23 de enero de 1919 en Puerto Bories y Puerto Natales. \u00bfA qui\u00e9n -y\nbajo qu\u00e9 premisa- se le ocurre homenajear con una placa, financiada con\ncaudales p\u00fablicos, a nada menos que a los asesinos de estos obreros en huelga? <\/p>\n\n\n\n<p>Por d\u00e9cadas, Natales contaba con\nun modesto monumento a los obreros ca\u00eddos bajo las balas de la polic\u00eda del\nEj\u00e9rcito de Chile que jugaba el discutido rol de mantener el orden p\u00fablico en\nesta zona. Ese monumento fue recientemente remozado por el municipio en torno\nal centenario de la revuelta, ocasi\u00f3n que fue utilizada por la autoridad\ncomunal para incluir una placa en recuerdo de la \u201cactitud patri\u00f3tica\u201d de los\npolic\u00edas del Ej\u00e9rcito que mataron a los obreros. <\/p>\n\n\n\n<p>No es nuevo el hecho de que el\nEstado, bajo la excusa del orden y bienestar com\u00fan, haya usado la fuerza de\nmilitares de bajo rango para ametrallar a su propio pueblo en defensa de intereses\nde la empresa privada, tal como la famosa y genocida Sociedad Explotadora\nTierra del Fuego en la \u00e9poca. Ya en 1907, solo 12 a\u00f1os antes que ocurrieran los\nincidentes en Puerto Bories, se contaban en miles los obreros y familias enteras\nasesinadas por el glorioso Ej\u00e9rcito de Chile en el Norte Grande, en una\ntragedia hoy recordada como la matanza de la Escuela de Santa Mar\u00eda de Iquique.\nDicho esto, creo que a nadie, e incluyo a la derecha m\u00e1s ultra, en su sano o\npor lo menos calculado juicio, se le ocurrir\u00eda levantar un monumento para los\nuniformados que llevaron a cabo tan terrible y sangrienta tragedia. <\/p>\n\n\n\n<p>Sin embargo, a don Fernando\nParedes Mansilla (UDI), alcalde de Natales, no le asaltan dudas a la hora de\nmeter tan profundo la pata en la historia de los derechos civiles. No solo se\nrequiere de un juicio moral, pero tambi\u00e9n un consenso hist\u00f3rico y acad\u00e9mico,\nantes que la mera y voluntariosa actitud de una autoridad edilicia y su sesgada\nvisi\u00f3n de mundo, a la hora de levantar placas recordatorias de hechos\nsangrientos.<\/p>\n\n\n\n<p>Independientemente del criterio o\ndescriterio utilizado para erigir la cuestionada placa que hoy, en el\ncentenario de la revuelta obrera del 23 de enero de 1919, recuerda con honores tambi\u00e9n\na los victimarios uniformados, es necesario establecer, como un acto que\nsalvaguarda la dignidad, que tales medidas sean consultadas con la ciudadan\u00eda y,\ntal vez, con los familiares de los m\u00e1rtires, antes de arrogarse como autoridad\ncivil el peso de la historia, m\u00e1s a\u00fan si no se es un especialista en esta\nciencia social.&nbsp;&nbsp; <\/p>\n\n\n\n<p>Sobran palabras para tan\ndesatinada determinaci\u00f3n. Ac\u00e1 hubo gente asesinada por fuerzas policiales,\ntrabajadores como todos nosotros, que simplemente luchaban por sus derechos por\na\u00f1os pisoteados. Sin ir m\u00e1s lejos, uno de los polic\u00edas homenajeados por el\nse\u00f1or Alcalde de Natales era tambi\u00e9n reconocido por la comunidad de entonces como\nel asesino a palos de un obrero detenido en Cerro Castillo, atrocidad cometida\npor varios polic\u00edas en el marco de su \u201clabor patri\u00f3tica\u201d tan solo unos meses\nantes, en la antesala del estallido de la revuelta obrera de 1919. &nbsp;<\/p>\n\n\n\n<p>No podemos negar la historia y\nhacer creer a las nuevas generaciones que el levantamiento del 23 de enero de\n1919 fue una obra del azar y, mucho menos, poner en una misma bandera a\nv\u00edctimas y victimarios. Es una falta de respeto a nuestra historia, a nuestros\ntrabajadores y todo nuestro pueblo.<\/p>\n\n\n\n<p>Pedimos a las autoridades que por\nrespeto a la memoria de nuestro pueblo, revierta dicha determinaci\u00f3n y se\nutilice la plazoleta para lo que fue creada. Esto es, para rendir homenaje a los\nm\u00e1rtires del 23 de enero de 1919 y no a quienes, sueldo mediante, tuvieron el\ndescaro de usar las armas contra su propia comunidad para defender intereses\najenos.<\/p>\n\n\n\n<p>Atentamente: Benito Ruiz \u00c1guila<\/p>\n\n\n\n<p>Presidente de <\/p>\n\n\n\n<p>\u201cAgrupaci\u00f3n M\u00e1rtires 23 de enero 1919\u201d}<\/p>\n\n\n\n<figure class=\"wp-block-image\"><img loading=\"lazy\" decoding=\"async\" width=\"1024\" height=\"768\" src=\"https:\/\/www.radiopresidenteibanez.cl\/web\/wp-content\/uploads\/2019\/03\/Plaza-23-de-enero-3-1024x768.jpg\" alt=\"\" class=\"wp-image-2199\" srcset=\"https:\/\/www.radiopresidenteibanez.cl\/web\/wp-content\/uploads\/2019\/03\/Plaza-23-de-enero-3-1024x768.jpg 1024w, https:\/\/www.radiopresidenteibanez.cl\/web\/wp-content\/uploads\/2019\/03\/Plaza-23-de-enero-3-300x225.jpg 300w, https:\/\/www.radiopresidenteibanez.cl\/web\/wp-content\/uploads\/2019\/03\/Plaza-23-de-enero-3-768x576.jpg 768w, https:\/\/www.radiopresidenteibanez.cl\/web\/wp-content\/uploads\/2019\/03\/Plaza-23-de-enero-3.jpg 1032w\" sizes=\"auto, (max-width: 1024px) 100vw, 1024px\" \/><\/figure>\n","protected":false},"excerpt":{"rendered":"<p>No se puede menos que repudiar el elocuente y, al mismo tiempo, brillante desatino de nuestra autoridad comunal, de militancia derechista y a ultranza, al rendirle homenaje a los asesinos&#8230; <a class=\"read-more\" href=\"https:\/\/www.radiopresidenteibanez.cl\/web\/carta-abierta-de-la-agrupacion-martires-23-de-enero-1919-frente-al-homenaje-municipal-a-los-asesinos-de-los-caidos-en-el-historico-levantamiento-obrero-de-puerto-bories-y-puerto-nata\/\">Leer m\u00e1s<\/a><\/p>\n","protected":false},"author":2,"featured_media":2199,"comment_status":"closed","ping_status":"closed","sticky":false,"template":"","format":"standard","meta":{"footnotes":""},"categories":[1],"tags":[],"class_list":["post-2198","post","type-post","status-publish","format-standard","has-post-thumbnail","hentry","category-cronica"],"_links":{"self":[{"href":"https:\/\/www.radiopresidenteibanez.cl\/web\/wp-json\/wp\/v2\/posts\/2198","targetHints":{"allow":["GET"]}}],"collection":[{"href":"https:\/\/www.radiopresidenteibanez.cl\/web\/wp-json\/wp\/v2\/posts"}],"about":[{"href":"https:\/\/www.radiopresidenteibanez.cl\/web\/wp-json\/wp\/v2\/types\/post"}],"author":[{"embeddable":true,"href":"https:\/\/www.radiopresidenteibanez.cl\/web\/wp-json\/wp\/v2\/users\/2"}],"replies":[{"embeddable":true,"href":"https:\/\/www.radiopresidenteibanez.cl\/web\/wp-json\/wp\/v2\/comments?post=2198"}],"version-history":[{"count":0,"href":"https:\/\/www.radiopresidenteibanez.cl\/web\/wp-json\/wp\/v2\/posts\/2198\/revisions"}],"wp:featuredmedia":[{"embeddable":true,"href":"https:\/\/www.radiopresidenteibanez.cl\/web\/wp-json\/wp\/v2\/media\/2199"}],"wp:attachment":[{"href":"https:\/\/www.radiopresidenteibanez.cl\/web\/wp-json\/wp\/v2\/media?parent=2198"}],"wp:term":[{"taxonomy":"category","embeddable":true,"href":"https:\/\/www.radiopresidenteibanez.cl\/web\/wp-json\/wp\/v2\/categories?post=2198"},{"taxonomy":"post_tag","embeddable":true,"href":"https:\/\/www.radiopresidenteibanez.cl\/web\/wp-json\/wp\/v2\/tags?post=2198"}],"curies":[{"name":"wp","href":"https:\/\/api.w.org\/{rel}","templated":true}]}}