{"id":21960,"date":"2021-07-01T10:49:43","date_gmt":"2021-07-01T13:49:43","guid":{"rendered":"https:\/\/www.radiopresidenteibanez.cl\/web\/?p=21960"},"modified":"2021-07-02T23:51:02","modified_gmt":"2021-07-03T02:51:02","slug":"tasa-dedesempleo-retrocede-en-magallanes-quedando-en-52","status":"publish","type":"post","link":"https:\/\/www.radiopresidenteibanez.cl\/web\/tasa-dedesempleo-retrocede-en-magallanes-quedando-en-52\/","title":{"rendered":"TASA DE DESEMPLEO RETROCEDE EN MAGALLANES QUEDANDO EN 5,2%"},"content":{"rendered":"\n<p>En el marco de la publicaci\u00f3n de un nuevo bolet\u00edn de empleo emitido por\nel Instituto Nacional de Estad\u00edsticas (Ine) Magallanes, para el trimestre m\u00f3vil\nde marzo, abril y mayo pasados, la regi\u00f3n obtuvo un retroceso en la tasa de\ndesempleo, quedando en un 5,2%, lo que implica un descenso de 2,0 puntos\nrespecto a igual per\u00edodo del a\u00f1o 2020.<\/p>\n\n\n\n<p>Seg\u00fan expres\u00f3 la Seremi del Trabajo, Victoria Cort\u00e9s Schiattino, \u201cdurante\nel \u00faltimo trimestre m\u00f3vil analizado por el INE, la regi\u00f3n vivi\u00f3 una efectiva\ndisminuci\u00f3n en su tasa de desempleo, tanto en comparaci\u00f3n con el trimestre\ninmediatamente anterior como en relaci\u00f3n a igual per\u00edodo del a\u00f1o pasado,\nquedando en un 5,2%, lo que refleja un leve avance hacia una mayor normalidad\nde la situaci\u00f3n laboral en la zona\u201d.<\/p>\n\n\n\n<p>En el mismo per\u00edodo, la cantidad de ocupados aument\u00f3 en un 13,3%,\nregistr\u00e1ndose as\u00ed una nueva alza en el n\u00famero de trabajadores de la zona,\nquedando actualmente en un total superior a las 86.500 personas.<\/p>\n\n\n\n<p>Con respecto a este \u00faltimo dato, la autoridad declar\u00f3 que \u201ceste nuevo incremento\nen la cantidad de personas ocupadas, refleja ya un crecimiento sostenido en los\n\u00faltimos tres informes del INE, lo cual refuerza en este \u00faltimo per\u00edodo una\nrecuperaci\u00f3n del mercado laboral de la regi\u00f3n\u201d<\/p>\n\n\n\n<p>Seg\u00fan se evidencia tambi\u00e9n en el informe, la llamada Fuerza de Trabajo\n\u2013referida a aquellas personas activas en el mercado laboral- tambi\u00e9n registr\u00f3\nun aumento de un 11% en relaci\u00f3n con el a\u00f1o 2020, quedando actualmente con m\u00e1s\nde 91 mil personas en Magallanes.<\/p>\n\n\n\n<p>\u201cCreemos que, sin duda, los beneficios entregados por el gobierno del\nPresidente Sebasti\u00e1n Pi\u00f1era que tanto hemos difundido durante los \u00faltimos\nmeses, como los diferentes subsidios al empleo e incentivos al trabajo, adem\u00e1s\nde la amplia cobertura regional en la vacunaci\u00f3n y, por supuesto, el esfuerzo\np\u00fablico-privado para la reactivaci\u00f3n econ\u00f3mica est\u00e1n dando los frutos que\nesperamos nos mantengan en esta ruta hacia la recuperaci\u00f3n de los empleos\u201d,\na\u00f1adi\u00f3 Cort\u00e9s.<\/p>\n\n\n\n<p>&nbsp;En el an\u00e1lisis de g\u00e9nero, la tasa\nde desocupaci\u00f3n masculina disminuy\u00f3 respecto de igual trimestre del a\u00f1o\nanterior, pasando de un 6,8% a un 4,2% e igualmente se redujo en comparaci\u00f3n\ncon el per\u00edodo inmediatamente anterior. En el caso del desempleo femenino, este\ntambi\u00e9n se redujo en contraste con el a\u00f1o 2020, pasando de un 7,3 a un 6,0%. No\nobstante, aument\u00f3 en 0,2 puntos porcentuales respecto del trimestre anterior,\ncuando la tasa era de un 5,8%.<\/p>\n","protected":false},"excerpt":{"rendered":"<p>En el marco de la publicaci\u00f3n de un nuevo bolet\u00edn de empleo emitido por el Instituto Nacional de Estad\u00edsticas (Ine) Magallanes, para el trimestre m\u00f3vil de marzo, abril y mayo&#8230; <a class=\"read-more\" href=\"https:\/\/www.radiopresidenteibanez.cl\/web\/tasa-dedesempleo-retrocede-en-magallanes-quedando-en-52\/\">Leer m\u00e1s<\/a><\/p>\n","protected":false},"author":2,"featured_media":21961,"comment_status":"closed","ping_status":"closed","sticky":false,"template":"","format":"standard","meta":{"footnotes":""},"categories":[1],"tags":[],"class_list":["post-21960","post","type-post","status-publish","format-standard","has-post-thumbnail","hentry","category-cronica"],"_links":{"self":[{"href":"https:\/\/www.radiopresidenteibanez.cl\/web\/wp-json\/wp\/v2\/posts\/21960","targetHints":{"allow":["GET"]}}],"collection":[{"href":"https:\/\/www.radiopresidenteibanez.cl\/web\/wp-json\/wp\/v2\/posts"}],"about":[{"href":"https:\/\/www.radiopresidenteibanez.cl\/web\/wp-json\/wp\/v2\/types\/post"}],"author":[{"embeddable":true,"href":"https:\/\/www.radiopresidenteibanez.cl\/web\/wp-json\/wp\/v2\/users\/2"}],"replies":[{"embeddable":true,"href":"https:\/\/www.radiopresidenteibanez.cl\/web\/wp-json\/wp\/v2\/comments?post=21960"}],"version-history":[{"count":0,"href":"https:\/\/www.radiopresidenteibanez.cl\/web\/wp-json\/wp\/v2\/posts\/21960\/revisions"}],"wp:featuredmedia":[{"embeddable":true,"href":"https:\/\/www.radiopresidenteibanez.cl\/web\/wp-json\/wp\/v2\/media\/21961"}],"wp:attachment":[{"href":"https:\/\/www.radiopresidenteibanez.cl\/web\/wp-json\/wp\/v2\/media?parent=21960"}],"wp:term":[{"taxonomy":"category","embeddable":true,"href":"https:\/\/www.radiopresidenteibanez.cl\/web\/wp-json\/wp\/v2\/categories?post=21960"},{"taxonomy":"post_tag","embeddable":true,"href":"https:\/\/www.radiopresidenteibanez.cl\/web\/wp-json\/wp\/v2\/tags?post=21960"}],"curies":[{"name":"wp","href":"https:\/\/api.w.org\/{rel}","templated":true}]}}