{"id":2195,"date":"2019-03-13T14:03:46","date_gmt":"2019-03-13T14:03:46","guid":{"rendered":"http:\/\/www.radiopresidenteibanez.cl\/web\/?p=2195"},"modified":"2019-03-13T14:03:59","modified_gmt":"2019-03-13T14:03:59","slug":"adultos-mayores-y-enfermedades-raras-son-enfermedades-de-curso-cronico-que-los-acompanan-toda-la-vida","status":"publish","type":"post","link":"https:\/\/www.radiopresidenteibanez.cl\/web\/adultos-mayores-y-enfermedades-raras-son-enfermedades-de-curso-cronico-que-los-acompanan-toda-la-vida\/","title":{"rendered":"ADULTOS MAYORES Y ENFERMEDADES RARAS: \u201cSON ENFERMEDADES DE CURSO CR\u00d3NICO QUE LOS ACOMPA\u00d1AN TODA LA VIDA\u201d"},"content":{"rendered":"\n<p>\n\nA pesar de que se trate de una paradoja, cada vez es m\u00e1s frecuente conocer a personas que sufren las llamadas \u201cenfermedades raras\u201d, que en Magallanes, lamentablemente, tambi\u00e9n han llegado para quedarse, afectando cada vez a un n\u00famero mayor de poblaci\u00f3n.&nbsp;\u201cSon raras porque antiguamente era poca gente a las que afectaban. Enfermedades que ocurren 1 entre 10 mil personas, significaba que en el Magallanes de antes hab\u00edan 6 personas con esa enfermedad. En el momento actual, estamos hablando que son 15 o 16, por lo tanto, son m\u00e1s notorias, porque dentro de nuestro c\u00edrculo de amistades empiezan a aparecer m\u00e1s\u201d, afirm\u00f3 el m\u00e9dico geriatra, Ram\u00f3n Lobos.Los adultos mayores no est\u00e1n exentos de ellas, ya que actualmente, por el avance de los tratamientos, se han transformado en enfermedades cr\u00f3nicas, que no causan la muerte, como anta\u00f1o. \u201cLas personas ya no mueren tan j\u00f3venes de muchas de estas enfermedades raras, sino que son enfermedades de curso cr\u00f3nico que los acompa\u00f1an toda la vida. Por lo tanto, tambi\u00e9n tienen la posibilidad de envejecer. Hay muchas enfermedades, antiguamente, como los cuadros reumatol\u00f3gicos, la misma esquizofrenia, que las personas, al no tener un tratamiento adecuado, mor\u00edan muy j\u00f3venes. Por lo tanto, era dif\u00edcil ver a las personas mayores con enfermedades de este tipo\u201d, explic\u00f3 el especialista.&nbsp;Lobos agreg\u00f3 que: \u201cAhora, cada vez las vemos m\u00e1s, porque han mejorado los tratamientos, los diagn\u00f3sticos y permite que las personas tengan el tratamiento y los cuidados adecuados como para poder llegar a ser viejo. Entonces nos encontramos con lo que es uno de los fen\u00f3menos m\u00e1s importantes del envejecimiento: no es que la persona llega buena y sana, saltando y brincando a ser persona mayor, sino que hay muchos de ellos que vienen con una carga de enfermedad\u201d.&nbsp;El m\u00e9dico explic\u00f3 que ocurre algo similar con el VIH. \u201cEs una enfermedad cr\u00f3nica m\u00e1s, por lo tanto, cada vez vamos a ir viendo m\u00e1s adultos mayores que son portadores y que hay que aprender a convivir y vivir en esas condiciones. La gran diferencia entre una persona sana, que llega a la vejez, y otra persona que est\u00e1 enferma, es que tarde o temprano esa persona sana va a enfermar de algo, y va a aprender tarde a cuidarse y a protegerse. A veces, nunca lo han hecho en su vida. Pero, las personas que tienen enfermedades cr\u00f3nicas tienden a aprender a vivir mejor y a cuidarse, para saber c\u00f3mo ir prolongando su vida\u201d, expres\u00f3 Lobos, haciendo un llamado a prepararse para la vejez desde temprana edad, preocup\u00e1ndose para que m\u00e1s adelante, se pueda tener una mejor calidad de vida.&nbsp;\n\n<\/p>\n","protected":false},"excerpt":{"rendered":"<p>A pesar de que se trate de una paradoja, cada vez es m\u00e1s frecuente conocer a personas que sufren las llamadas \u201cenfermedades raras\u201d, que en Magallanes, lamentablemente, tambi\u00e9n han llegado&#8230; <a class=\"read-more\" href=\"https:\/\/www.radiopresidenteibanez.cl\/web\/adultos-mayores-y-enfermedades-raras-son-enfermedades-de-curso-cronico-que-los-acompanan-toda-la-vida\/\">Leer m\u00e1s<\/a><\/p>\n","protected":false},"author":2,"featured_media":2196,"comment_status":"closed","ping_status":"closed","sticky":false,"template":"","format":"standard","meta":{"footnotes":""},"categories":[1],"tags":[],"class_list":["post-2195","post","type-post","status-publish","format-standard","has-post-thumbnail","hentry","category-cronica"],"_links":{"self":[{"href":"https:\/\/www.radiopresidenteibanez.cl\/web\/wp-json\/wp\/v2\/posts\/2195","targetHints":{"allow":["GET"]}}],"collection":[{"href":"https:\/\/www.radiopresidenteibanez.cl\/web\/wp-json\/wp\/v2\/posts"}],"about":[{"href":"https:\/\/www.radiopresidenteibanez.cl\/web\/wp-json\/wp\/v2\/types\/post"}],"author":[{"embeddable":true,"href":"https:\/\/www.radiopresidenteibanez.cl\/web\/wp-json\/wp\/v2\/users\/2"}],"replies":[{"embeddable":true,"href":"https:\/\/www.radiopresidenteibanez.cl\/web\/wp-json\/wp\/v2\/comments?post=2195"}],"version-history":[{"count":0,"href":"https:\/\/www.radiopresidenteibanez.cl\/web\/wp-json\/wp\/v2\/posts\/2195\/revisions"}],"wp:featuredmedia":[{"embeddable":true,"href":"https:\/\/www.radiopresidenteibanez.cl\/web\/wp-json\/wp\/v2\/media\/2196"}],"wp:attachment":[{"href":"https:\/\/www.radiopresidenteibanez.cl\/web\/wp-json\/wp\/v2\/media?parent=2195"}],"wp:term":[{"taxonomy":"category","embeddable":true,"href":"https:\/\/www.radiopresidenteibanez.cl\/web\/wp-json\/wp\/v2\/categories?post=2195"},{"taxonomy":"post_tag","embeddable":true,"href":"https:\/\/www.radiopresidenteibanez.cl\/web\/wp-json\/wp\/v2\/tags?post=2195"}],"curies":[{"name":"wp","href":"https:\/\/api.w.org\/{rel}","templated":true}]}}